{"id":108118,"date":"2020-03-21T10:37:00","date_gmt":"2020-03-21T13:37:00","guid":{"rendered":"http:\/\/www.hoymercedes.com.ar\/principal\/?p=108118"},"modified":"2020-03-21T16:35:17","modified_gmt":"2020-03-21T19:35:17","slug":"control-de-precios-y-abastecimiento-en-gondolas","status":"publish","type":"post","link":"https:\/\/www.hoymercedes.com.ar\/principal\/2020\/03\/21\/control-de-precios-y-abastecimiento-en-gondolas\/","title":{"rendered":"Coronavirus: Control de precios y abastecimiento en g\u00f3ndolas"},"content":{"rendered":"\n<p>Horas despu\u00e9s de decretada el aislamiento social preventivo obligatorio el jefe comunal Juan Ustarroz se reuni\u00f3 con algunos de los integrantes de su gabinete en su despacho a los efectos de poner en marcha diversos mecanismos tendientes no solo a asegurar el cumplimiento de la hist\u00f3rica medida implementada; sino de garantizarle a los habitantes de la ciudad el abastecimiento y la provisi\u00f3n de elementos esenciales.<\/p>\n\n\n\n<figure class=\"wp-block-image size-large\"><img loading=\"lazy\" decoding=\"async\" width=\"800\" height=\"533\" data-attachment-id=\"108119\" data-permalink=\"https:\/\/www.hoymercedes.com.ar\/principal\/2020\/03\/21\/control-de-precios-y-abastecimiento-en-gondolas\/21-controlesdeprecio011\/#main\" data-orig-file=\"https:\/\/www.hoymercedes.com.ar\/principal\/wp-content\/uploads\/2020\/03\/21-ControlesDePrecio011.jpg\" data-orig-size=\"800,533\" data-comments-opened=\"0\" data-image-meta=\"{&quot;aperture&quot;:&quot;0&quot;,&quot;credit&quot;:&quot;&quot;,&quot;camera&quot;:&quot;&quot;,&quot;caption&quot;:&quot;&quot;,&quot;created_timestamp&quot;:&quot;0&quot;,&quot;copyright&quot;:&quot;&quot;,&quot;focal_length&quot;:&quot;0&quot;,&quot;iso&quot;:&quot;0&quot;,&quot;shutter_speed&quot;:&quot;0&quot;,&quot;title&quot;:&quot;&quot;,&quot;orientation&quot;:&quot;0&quot;}\" data-image-title=\"21 ControlesDePrecio011\" data-image-description=\"\" data-image-caption=\"\" data-large-file=\"https:\/\/www.hoymercedes.com.ar\/principal\/wp-content\/uploads\/2020\/03\/21-ControlesDePrecio011.jpg\" src=\"https:\/\/www.hoymercedes.com.ar\/principal\/wp-content\/uploads\/2020\/03\/21-ControlesDePrecio011.jpg\" alt=\"\" class=\"wp-image-108119\"\/><\/figure>\n\n\n\n<p>\u00abEl primer deber de un gobernante es cuidar la salud y la integridad f\u00edsica de los habitantes. Por eso insistimos que si nos quedamos en casa, nos preservamos todos\u00bb, defini\u00f3 y anunci\u00f3: \u201cHe solicitado que desde las \u00e1reas pertinentes del municipio salgamos a controlar los precios en las g\u00f3ndolas de los supermercados y verifiquemos que se garantice el acceso a los insumos comestibles b\u00e1sicos y productos de higiene y salubridad. No solo que se garantice la provisi\u00f3n, sino que los precios sean razonables. El presidente dijo que se termin\u00f3 la Argentina de los vivos y nosotros nos hemos puesto a trabajar en ese sentido para asegurarnos que no estafen a los mercedinos vendiendo productos a precios estrafalarios. Vamos a hacer los controles necesarios y a implementar todas las medidas que est\u00e9n a nuestro alcance para proteger no solo la salubridad, sino tambi\u00e9n el bolsillo de los ciudadanos\u201d; enfatiz\u00f3.<\/p>\n\n\n\n<p>El relevamiento llevado adelante el viernes al mediod\u00eda fue encabezado por el titular de la OMIC Mercedes, Mart\u00edn Boragno, junto a funcionarios y trabajadores afectados a la funci\u00f3n.\u00a0<\/p>\n\n\n\n<p>\u201cDe las seis farmacias relevadas solo una tiene stock de alcohol en gel pero su valor se encuentra en casi un 200% del precio de referencia. Las otras cinco farmacias no tienen stock sea porque no les entregan o porque les parece irrazonable el precio. Uno de los profesionales que produce el alcohol en gel denunci\u00f3 que una de las materias primas le aument\u00f3 cerca del 150% en menos de 10 d\u00edas. Esto lo informaremos a las autoridades pertinentes para que se tomen las medidas del caso\u201d, explic\u00f3 Boragno.<\/p>\n\n\n\n<p>Respecto del alcohol et\u00edlico \u201ctampoco tienen en stock y \u2013al igual que en el caso del alcohol en gel- existe un fuerte incremento del valor durante los \u00faltimos quince d\u00edas\u201d, sostuvo.<br>En las farmacias tampoco hay stock de barbijos. \u201cEn una de las farmacias informaron que el precio de reposici\u00f3n eran superior al precio de venta. Se estaba vendiendo entre 15 y 20 pesos; y ahora la droguer\u00eda los vende a m\u00e1s de 25 pesos por unidad\u201d ampli\u00f3 Boragno.<\/p>\n\n\n\n<p><strong>En los supermercados<\/strong><\/p>\n\n\n\n<p>Algo similar ocurri\u00f3 con los seis supermercados relevados (ninguna de las cadenas). De todos ellos, solo uno ten\u00eda alcohol. En el listado con el cual se compar\u00f3 precios -que constaba de 14 productos- hab\u00eda cumplimiento de los valores establecidos en los Precios Justos. En los casos que no estaba en las g\u00f3ndolas la marca; hab\u00eda productos alternativos muy cerca del valor de referencia.<\/p>\n\n\n\n<p>En algunos casos, el faltante existente en algunas g\u00f3ndolas, era producto de una alta demanda en la jornada del jueves, horas antes del anuncio del presidente. \u201cLa mayor\u00eda est\u00e1 trabajando en la reposici\u00f3n\u201d, detall\u00f3.<\/p>\n\n\n\n<p>\u201cToda esta informaci\u00f3n ser\u00e1 remitida ar las autoridades de aplicaci\u00f3n; para poder establecer qui\u00e9n se est\u00e1 enriqueciendo en la cadena de comercializaci\u00f3n. Se insiste, no vamos a tolerar que nadie se abuse de esta circunstancia y se enriquezca en medio de una emergencia sanitaria. Estos controles seguir\u00e1n y se agudizar\u00e1n con el correr de los d\u00edas\u201d, concluy\u00f3 afirmando el jefe comunal Juan Ustarroz.<\/p>\n\n\n\n<p>Fuente: Prensa Municipal<\/p>\n","protected":false},"excerpt":{"rendered":"<p>Horas despu\u00e9s de decretada el aislamiento social preventivo obligatorio el jefe comunal Juan Ustarroz se reuni\u00f3 con algunos de los &#8230; <a title=\"Coronavirus: Control de precios y abastecimiento en g\u00f3ndolas\" class=\"read-more\" href=\"https:\/\/www.hoymercedes.com.ar\/principal\/2020\/03\/21\/control-de-precios-y-abastecimiento-en-gondolas\/\" aria-label=\"Leer m\u00e1s sobre Coronavirus: Control de precios y abastecimiento en g\u00f3ndolas\">Leer m\u00e1s<\/a><\/p>\n","protected":false},"author":1,"featured_media":108119,"comment_status":"closed","ping_status":"open","sticky":false,"template":"","format":"standard","meta":{"_monsterinsights_skip_tracking":false,"_monsterinsights_sitenote_active":false,"_monsterinsights_sitenote_note":"","_monsterinsights_sitenote_category":0,"jetpack_post_was_ever_published":false,"_jetpack_newsletter_access":"","_jetpack_dont_email_post_to_subs":false,"_jetpack_newsletter_tier_id":0,"_jetpack_memberships_contains_paywalled_content":false,"_jetpack_memberships_contains_paid_content":false,"footnotes":"","jetpack_publicize_message":"","jetpack_publicize_feature_enabled":true,"jetpack_social_post_already_shared":true,"jetpack_social_options":{"image_generator_settings":{"template":"highway","default_image_id":0,"font":"","enabled":false},"version":2},"_wpas_customize_per_network":false},"categories":[30],"tags":[11628,16175,16313,10488],"class_list":["post-108118","post","type-post","status-publish","format-standard","has-post-thumbnail","hentry","category-municipio","tag-control","tag-coronavirus","tag-covid-19","tag-precios","generate-columns","tablet-grid-50","mobile-grid-100","grid-parent","grid-50"],"jetpack_publicize_connections":[],"jetpack_featured_media_url":"https:\/\/www.hoymercedes.com.ar\/principal\/wp-content\/uploads\/2020\/03\/21-ControlesDePrecio011.jpg","wps_subtitle":"Informaci\u00f3n Municipal","jetpack_sharing_enabled":true,"_links":{"self":[{"href":"https:\/\/www.hoymercedes.com.ar\/principal\/wp-json\/wp\/v2\/posts\/108118","targetHints":{"allow":["GET"]}}],"collection":[{"href":"https:\/\/www.hoymercedes.com.ar\/principal\/wp-json\/wp\/v2\/posts"}],"about":[{"href":"https:\/\/www.hoymercedes.com.ar\/principal\/wp-json\/wp\/v2\/types\/post"}],"author":[{"embeddable":true,"href":"https:\/\/www.hoymercedes.com.ar\/principal\/wp-json\/wp\/v2\/users\/1"}],"replies":[{"embeddable":true,"href":"https:\/\/www.hoymercedes.com.ar\/principal\/wp-json\/wp\/v2\/comments?post=108118"}],"version-history":[{"count":0,"href":"https:\/\/www.hoymercedes.com.ar\/principal\/wp-json\/wp\/v2\/posts\/108118\/revisions"}],"wp:featuredmedia":[{"embeddable":true,"href":"https:\/\/www.hoymercedes.com.ar\/principal\/wp-json\/wp\/v2\/media\/108119"}],"wp:attachment":[{"href":"https:\/\/www.hoymercedes.com.ar\/principal\/wp-json\/wp\/v2\/media?parent=108118"}],"wp:term":[{"taxonomy":"category","embeddable":true,"href":"https:\/\/www.hoymercedes.com.ar\/principal\/wp-json\/wp\/v2\/categories?post=108118"},{"taxonomy":"post_tag","embeddable":true,"href":"https:\/\/www.hoymercedes.com.ar\/principal\/wp-json\/wp\/v2\/tags?post=108118"}],"curies":[{"name":"wp","href":"https:\/\/api.w.org\/{rel}","templated":true}]}}