{"id":108125,"date":"2020-03-21T22:57:00","date_gmt":"2020-03-22T01:57:00","guid":{"rendered":"http:\/\/www.hoymercedes.com.ar\/principal\/?p=108125"},"modified":"2020-03-21T20:55:19","modified_gmt":"2020-03-21T23:55:19","slug":"anses-adelanto-el-calendario-de-pagos","status":"publish","type":"post","link":"https:\/\/www.hoymercedes.com.ar\/principal\/2020\/03\/21\/anses-adelanto-el-calendario-de-pagos\/","title":{"rendered":"ANSES adelant\u00f3 el calendario de pagos"},"content":{"rendered":"\n<p>En el marco de la emergencia sanitaria, el organismo previsional dispuso adelantar para el&nbsp;<strong>viernes 27 de marzo<\/strong>&nbsp;el pago del bono extraordinario destinado a todos los titulares de la Asignaci\u00f3n Universal por Hijo (AUH) y Asignaci\u00f3n por Embarazo.<\/p>\n\n\n\n<p>De esta manera, la ANSES adopt\u00f3 esta decisi\u00f3n tambi\u00e9n para los jubilados y pensionados que cobren m\u00e1s de 17.859 pesos y que poseen documentos de identidad con terminaci\u00f3n en 4, 5, 6, 7, 8 y 9.<\/p>\n\n\n\n<p>Cabe aclarar que los beneficios previsionales que, seg\u00fan el calendario publicado en la web institucional del organismo, deb\u00edan pagarse el mi\u00e9rcoles 25 y el jueves 26 de marzo, mantendr\u00e1n sus fechas sin cambio alguno.&nbsp;<\/p>\n\n\n\n<p>Fuente: Prensa ANSES<\/p>\n","protected":false},"excerpt":{"rendered":"<p>En el marco de la emergencia sanitaria, el organismo previsional dispuso adelantar para el&nbsp;viernes 27 de marzo&nbsp;el pago del bono &#8230; <a title=\"ANSES adelant\u00f3 el calendario de pagos\" class=\"read-more\" href=\"https:\/\/www.hoymercedes.com.ar\/principal\/2020\/03\/21\/anses-adelanto-el-calendario-de-pagos\/\" aria-label=\"Leer m\u00e1s sobre ANSES adelant\u00f3 el calendario de pagos\">Leer m\u00e1s<\/a><\/p>\n","protected":false},"author":1,"featured_media":73507,"comment_status":"closed","ping_status":"open","sticky":false,"template":"","format":"standard","meta":{"_monsterinsights_skip_tracking":false,"_monsterinsights_sitenote_active":false,"_monsterinsights_sitenote_note":"","_monsterinsights_sitenote_category":0,"jetpack_post_was_ever_published":false,"_jetpack_newsletter_access":"","_jetpack_dont_email_post_to_subs":false,"_jetpack_newsletter_tier_id":0,"_jetpack_memberships_contains_paywalled_content":false,"_jetpack_memberships_contains_paid_content":false,"footnotes":"","jetpack_publicize_message":"","jetpack_publicize_feature_enabled":true,"jetpack_social_post_already_shared":true,"jetpack_social_options":{"image_generator_settings":{"template":"highway","default_image_id":0,"font":"","enabled":false},"version":2},"_wpas_customize_per_network":false},"categories":[8],"tags":[10499,4,11908,10859,9103],"class_list":["post-108125","post","type-post","status-publish","format-standard","has-post-thumbnail","hentry","category-sociedad","tag-adelanto","tag-anses","tag-jubilaciones","tag-pagos","tag-pensiones","generate-columns","tablet-grid-50","mobile-grid-100","grid-parent","grid-50"],"jetpack_publicize_connections":[],"jetpack_featured_media_url":"https:\/\/www.hoymercedes.com.ar\/principal\/wp-content\/uploads\/2018\/03\/15-anses-logo.jpg","wps_subtitle":"Por los feriados del 30 y 31 de marzo","jetpack_sharing_enabled":true,"_links":{"self":[{"href":"https:\/\/www.hoymercedes.com.ar\/principal\/wp-json\/wp\/v2\/posts\/108125","targetHints":{"allow":["GET"]}}],"collection":[{"href":"https:\/\/www.hoymercedes.com.ar\/principal\/wp-json\/wp\/v2\/posts"}],"about":[{"href":"https:\/\/www.hoymercedes.com.ar\/principal\/wp-json\/wp\/v2\/types\/post"}],"author":[{"embeddable":true,"href":"https:\/\/www.hoymercedes.com.ar\/principal\/wp-json\/wp\/v2\/users\/1"}],"replies":[{"embeddable":true,"href":"https:\/\/www.hoymercedes.com.ar\/principal\/wp-json\/wp\/v2\/comments?post=108125"}],"version-history":[{"count":0,"href":"https:\/\/www.hoymercedes.com.ar\/principal\/wp-json\/wp\/v2\/posts\/108125\/revisions"}],"wp:featuredmedia":[{"embeddable":true,"href":"https:\/\/www.hoymercedes.com.ar\/principal\/wp-json\/wp\/v2\/media\/73507"}],"wp:attachment":[{"href":"https:\/\/www.hoymercedes.com.ar\/principal\/wp-json\/wp\/v2\/media?parent=108125"}],"wp:term":[{"taxonomy":"category","embeddable":true,"href":"https:\/\/www.hoymercedes.com.ar\/principal\/wp-json\/wp\/v2\/categories?post=108125"},{"taxonomy":"post_tag","embeddable":true,"href":"https:\/\/www.hoymercedes.com.ar\/principal\/wp-json\/wp\/v2\/tags?post=108125"}],"curies":[{"name":"wp","href":"https:\/\/api.w.org\/{rel}","templated":true}]}}