{"id":108135,"date":"2020-03-21T17:00:00","date_gmt":"2020-03-21T20:00:00","guid":{"rendered":"http:\/\/www.hoymercedes.com.ar\/principal\/?p=108135"},"modified":"2020-03-21T16:36:01","modified_gmt":"2020-03-21T19:36:01","slug":"esperemos-que-como-humanos-podamos-aprender-de-nuestros-errores","status":"publish","type":"post","link":"https:\/\/www.hoymercedes.com.ar\/principal\/2020\/03\/21\/esperemos-que-como-humanos-podamos-aprender-de-nuestros-errores\/","title":{"rendered":"Esperemos que como humanos podamos aprender de nuestros errores"},"content":{"rendered":"\n<p>Por Cristi\u00e1n Frers* &#8211; Hist\u00f3ricamente cuando se habla de pandemia s\u00f3lo se asocia a p\u00e1nico y desastre, pero las medidas tomadas para frenarla &#8211;<strong>cuarentena y aislamiento- han generado un sorprendente efecto positivo en el ambiente<\/strong>\u00a0gracias a la poca intervenci\u00f3n de seres humanos.<\/p>\n\n\n\n<p>Existen varios aspectos que est\u00e1n jugando a favor del ambiente, r\u00edos m\u00e1s\nlimpios, animales m\u00e1s tranquilos en sus h\u00e1bitats, grandes industrias deteniendo\no disminuyendo sus emisiones, y menos de la mitad de autom\u00f3viles en las calles\nhan sido <strong>efectos colaterales positivos de la expansi\u00f3n\ndel Corona Virus, que luego de su devastadora aparici\u00f3n pareciera tambi\u00e9n\ndecirnos que la tierra necesitaba un descanso<\/strong> de la contaminaci\u00f3n humana.<\/p>\n\n\n\n<p>El Corona Virus es un grave problema de salud y seguridad humana a nivel\nmundial, porque la cantidad de casos y pa\u00edses infectados crece\nexponencialmente. Esto genera que las personas cambien sus comportamientos\ncotidianos, generando algunos efectos positivos sobre la salud ambiental. O\nsea, las personas act\u00faan de manera diferente para cuidar su salud, lo que\ngenera menores contaminantes sobre la naturaleza y un mayor cuidado de la salud\nambiental.<\/p>\n\n\n\n<p>Lugares tur\u00edsticos alrededor del mundo, como el <strong>Canal de Venecia (Italia), han experimentado notorias mejor\u00edas debido a la nula presencia de viajeros,<\/strong> tr\u00e1fico de g\u00f3ndolas y\u00a0sus residuos.\u00a0<\/p>\n\n\n\n<p>La disminuci\u00f3n en la&nbsp;contaminaci\u00f3n permiti\u00f3 que los h\u00e1bitats&nbsp;sean\nm\u00e1s saludables, <strong>ocasionando el regreso de cisnes\ny cientos de peces al afamado canal, cuyas aguas fluyen cristalinas.<\/strong><\/p>\n\n\n\n<p>Pero no s\u00f3lo en Italia ha sido posible ver los efectos positivos de la\nfalta de humanos, sino alrededor de todo el globo.<\/p>\n\n\n\n<p>En Madrid (Espa\u00f1a) a la combinaci\u00f3n de dos factores: las medidas de\nconfinamiento por el Corona Virus y la inestabilidad meteorol\u00f3gica. Los datos\nfacilitados diariamente por el Sistema de Vigilancia de Calidad del aire del\nAyuntamiento de Madrid no dejan lugar a dudas: durante los d\u00edas de\nconfinamiento, los cinco distritos de la ciudad cuentan con medidas catalogadas\ndentro de la categor\u00eda muy bueno del \u00edndice de calidad del aire. Por su parte,\nen Barcelona los datos de la Generalitat indican que las concentraciones de\ndi\u00f3xido de nitr\u00f3geno (NO2) se redujeron a la mitad tras solo tres d\u00edas de\nconfinamiento.<\/p>\n\n\n\n<p>Los datos no mienten. A lo largo de todo el mes de febrero, el primero del\nlargo confinamiento que lleva la provincia china de Hubei, el promedio de d\u00edas\nsin contaminaci\u00f3n atmosf\u00e9rica aument\u00f3 en un 21,5% en comparaci\u00f3n con las mismas\nfechas del a\u00f1o anterior, seg\u00fan un informe del Ministerio de Ecolog\u00eda y Medio\nAmbiente de China. Asimismo, las im\u00e1genes de sat\u00e9lite publicadas por la NASA y\nla Agencia Espacial Europea mostraban una reducci\u00f3n dr\u00e1stica de las emisiones\nde di\u00f3xido de nitr\u00f3geno en las principales ciudades del pa\u00eds.<\/p>\n\n\n\n<p>Sin embargo, no debemos descuidar la realidad, ya que un cambio positivo en\nun contaminante propio del cambio clim\u00e1tico no quiere decir que la calidad del\naire sea saludable, sino m\u00e1s bien que hay menos contaminaci\u00f3n ya que hecho no\ndej\u00f3 de haber contaminaci\u00f3n.<\/p>\n\n\n\n<p>Se puede observar que durante la cuarentena (en cualquier pa\u00eds del mundo),\nel transporte de todo tipo es casi nulo. Porque las principales carreteras y\ncentros comerciales se encuentran vac\u00edos, las personas deben quedarse en su\ncasa.<\/p>\n\n\n\n<p>Solo cabe mencionar que lo positivo para la salud ambiental, es muy nocivo\ny pernicioso para la salud y seguridad humana. Nosotros cambiamos el mundo a\nnuestro parecer, nosotros somos responsables de volver a cambiarlo para poder\ncontinuar viviendo en \u00e9l.<\/p>\n\n\n\n<p>Pese a que muchos consideraron la cuarentena como una medida exagerada en\nun inicio, se puede asegurar que <strong>el aislamiento humano mejorar\u00e1\nla econom\u00eda<\/strong>, el ambiente y salvar\u00e1 miles de vidas.<\/p>\n\n\n\n<p>Estos <strong>cambios<\/strong><strong> <\/strong><strong>positivos<\/strong> en el<strong> <\/strong><strong>medio<\/strong> se esperan que sucedan en todas las ciudades\nsometidas a la cuarentena de sus habitantes y, por consiguiente, de las\nindustrias. Al fin y al cabo, y dejando de lado la adversidad econ\u00f3mica de las\nnaciones, es algo que el <strong>ambiente\nestaba necesitando<\/strong>.<\/p>\n\n\n\n<p>*Cristi\u00e1n Frers \u2013 T\u00e9cnico Superior en Gesti\u00f3n Ambiental y T\u00e9cnico Superior en Comunicaci\u00f3n Social (Periodista).<\/p>\n","protected":false},"excerpt":{"rendered":"<p>Por Cristi\u00e1n Frers* &#8211; Hist\u00f3ricamente cuando se habla de pandemia s\u00f3lo se asocia a p\u00e1nico y desastre, pero las medidas &#8230; <a title=\"Esperemos que como humanos podamos aprender de nuestros errores\" class=\"read-more\" href=\"https:\/\/www.hoymercedes.com.ar\/principal\/2020\/03\/21\/esperemos-que-como-humanos-podamos-aprender-de-nuestros-errores\/\" aria-label=\"Leer m\u00e1s sobre Esperemos que como humanos podamos aprender de nuestros errores\">Leer m\u00e1s<\/a><\/p>\n","protected":false},"author":1,"featured_media":108136,"comment_status":"open","ping_status":"open","sticky":false,"template":"","format":"standard","meta":{"_monsterinsights_skip_tracking":false,"_monsterinsights_sitenote_active":false,"_monsterinsights_sitenote_note":"","_monsterinsights_sitenote_category":0,"jetpack_post_was_ever_published":false,"_jetpack_newsletter_access":"","_jetpack_dont_email_post_to_subs":false,"_jetpack_newsletter_tier_id":0,"_jetpack_memberships_contains_paywalled_content":false,"_jetpack_memberships_contains_paid_content":false,"footnotes":"","jetpack_publicize_message":"","jetpack_publicize_feature_enabled":true,"jetpack_social_post_already_shared":true,"jetpack_social_options":{"image_generator_settings":{"template":"highway","default_image_id":0,"font":"","enabled":false},"version":2},"_wpas_customize_per_network":false},"categories":[1],"tags":[16175,16313,8748,134],"class_list":["post-108135","post","type-post","status-publish","format-standard","has-post-thumbnail","hentry","category-opinion","tag-coronavirus","tag-covid-19","tag-opinion","tag-salud","generate-columns","tablet-grid-50","mobile-grid-100","grid-parent","grid-50"],"jetpack_publicize_connections":[],"jetpack_featured_media_url":"https:\/\/www.hoymercedes.com.ar\/principal\/wp-content\/uploads\/2020\/03\/2020-covid-coronavirus.jpg","wps_subtitle":"Salud regional","jetpack_sharing_enabled":true,"_links":{"self":[{"href":"https:\/\/www.hoymercedes.com.ar\/principal\/wp-json\/wp\/v2\/posts\/108135","targetHints":{"allow":["GET"]}}],"collection":[{"href":"https:\/\/www.hoymercedes.com.ar\/principal\/wp-json\/wp\/v2\/posts"}],"about":[{"href":"https:\/\/www.hoymercedes.com.ar\/principal\/wp-json\/wp\/v2\/types\/post"}],"author":[{"embeddable":true,"href":"https:\/\/www.hoymercedes.com.ar\/principal\/wp-json\/wp\/v2\/users\/1"}],"replies":[{"embeddable":true,"href":"https:\/\/www.hoymercedes.com.ar\/principal\/wp-json\/wp\/v2\/comments?post=108135"}],"version-history":[{"count":0,"href":"https:\/\/www.hoymercedes.com.ar\/principal\/wp-json\/wp\/v2\/posts\/108135\/revisions"}],"wp:featuredmedia":[{"embeddable":true,"href":"https:\/\/www.hoymercedes.com.ar\/principal\/wp-json\/wp\/v2\/media\/108136"}],"wp:attachment":[{"href":"https:\/\/www.hoymercedes.com.ar\/principal\/wp-json\/wp\/v2\/media?parent=108135"}],"wp:term":[{"taxonomy":"category","embeddable":true,"href":"https:\/\/www.hoymercedes.com.ar\/principal\/wp-json\/wp\/v2\/categories?post=108135"},{"taxonomy":"post_tag","embeddable":true,"href":"https:\/\/www.hoymercedes.com.ar\/principal\/wp-json\/wp\/v2\/tags?post=108135"}],"curies":[{"name":"wp","href":"https:\/\/api.w.org\/{rel}","templated":true}]}}