{"id":108169,"date":"2020-03-22T13:05:40","date_gmt":"2020-03-22T16:05:40","guid":{"rendered":"http:\/\/www.hoymercedes.com.ar\/principal\/?p=108169"},"modified":"2020-03-22T14:24:10","modified_gmt":"2020-03-22T17:24:10","slug":"nuevo-detenido-por-no-cumplir-el-aislamiento-social","status":"publish","type":"post","link":"https:\/\/www.hoymercedes.com.ar\/principal\/2020\/03\/22\/nuevo-detenido-por-no-cumplir-el-aislamiento-social\/","title":{"rendered":"Coronavirus: Nuevo detenido por no cumplir el aislamiento social"},"content":{"rendered":"\n<p>El secretario de seguridad, Dr. Gast\u00f3n Arenas, confirm\u00f3 que hay un nuevo detenido por violar el aislamiento social preventivo y obligatorio. Se trata de un masculino mayor de edad.<\/p>\n\n\n\n<p>La detenci\u00f3n a instancia de la Polic\u00eda Comunal se suma a las 14 intervenciones efectuadas el s\u00e1bado. Todas vinculadas al incumplimiento del deber ciudadano de aislamiento ante la pandemia que azota el mundo. <\/p>\n\n\n\n<p>Vale recordar que las fuerzas de seguridad y la Municipalidad tienen desplegado un operativo in\u00e9dito de cobertura de accesos y puntos claves para poder cuidar a los vecinos y vecinas.<\/p>\n","protected":false},"excerpt":{"rendered":"<p>El secretario de seguridad, Dr. Gast\u00f3n Arenas, confirm\u00f3 que hay un nuevo detenido por violar el aislamiento social preventivo y &#8230; <a title=\"Coronavirus: Nuevo detenido por no cumplir el aislamiento social\" class=\"read-more\" href=\"https:\/\/www.hoymercedes.com.ar\/principal\/2020\/03\/22\/nuevo-detenido-por-no-cumplir-el-aislamiento-social\/\" aria-label=\"Leer m\u00e1s sobre Coronavirus: Nuevo detenido por no cumplir el aislamiento social\">Leer m\u00e1s<\/a><\/p>\n","protected":false},"author":1,"featured_media":107190,"comment_status":"closed","ping_status":"open","sticky":false,"template":"","format":"standard","meta":{"_monsterinsights_skip_tracking":false,"_monsterinsights_sitenote_active":false,"_monsterinsights_sitenote_note":"","_monsterinsights_sitenote_category":0,"jetpack_post_was_ever_published":false,"_jetpack_newsletter_access":"","_jetpack_dont_email_post_to_subs":false,"_jetpack_newsletter_tier_id":0,"_jetpack_memberships_contains_paywalled_content":false,"_jetpack_memberships_contains_paid_content":false,"footnotes":"","jetpack_publicize_message":"","jetpack_publicize_feature_enabled":true,"jetpack_social_post_already_shared":true,"jetpack_social_options":{"image_generator_settings":{"template":"highway","default_image_id":0,"font":"","enabled":false},"version":2},"_wpas_customize_per_network":false},"categories":[85],"tags":[16353,16175,16313,16361,26,96],"class_list":["post-108169","post","type-post","status-publish","format-standard","has-post-thumbnail","hentry","category-policial","tag-aislamiento-social-obligatorio","tag-coronavirus","tag-covid-19","tag-cuarentena","tag-detenidos","tag-policial-2","generate-columns","tablet-grid-50","mobile-grid-100","grid-parent","grid-50"],"jetpack_publicize_connections":[],"jetpack_featured_media_url":"https:\/\/www.hoymercedes.com.ar\/principal\/wp-content\/uploads\/2020\/03\/PoliciaComunal-Posta40y41.jpg","wps_subtitle":"Delito de desobediencia","jetpack_sharing_enabled":true,"_links":{"self":[{"href":"https:\/\/www.hoymercedes.com.ar\/principal\/wp-json\/wp\/v2\/posts\/108169","targetHints":{"allow":["GET"]}}],"collection":[{"href":"https:\/\/www.hoymercedes.com.ar\/principal\/wp-json\/wp\/v2\/posts"}],"about":[{"href":"https:\/\/www.hoymercedes.com.ar\/principal\/wp-json\/wp\/v2\/types\/post"}],"author":[{"embeddable":true,"href":"https:\/\/www.hoymercedes.com.ar\/principal\/wp-json\/wp\/v2\/users\/1"}],"replies":[{"embeddable":true,"href":"https:\/\/www.hoymercedes.com.ar\/principal\/wp-json\/wp\/v2\/comments?post=108169"}],"version-history":[{"count":0,"href":"https:\/\/www.hoymercedes.com.ar\/principal\/wp-json\/wp\/v2\/posts\/108169\/revisions"}],"wp:featuredmedia":[{"embeddable":true,"href":"https:\/\/www.hoymercedes.com.ar\/principal\/wp-json\/wp\/v2\/media\/107190"}],"wp:attachment":[{"href":"https:\/\/www.hoymercedes.com.ar\/principal\/wp-json\/wp\/v2\/media?parent=108169"}],"wp:term":[{"taxonomy":"category","embeddable":true,"href":"https:\/\/www.hoymercedes.com.ar\/principal\/wp-json\/wp\/v2\/categories?post=108169"},{"taxonomy":"post_tag","embeddable":true,"href":"https:\/\/www.hoymercedes.com.ar\/principal\/wp-json\/wp\/v2\/tags?post=108169"}],"curies":[{"name":"wp","href":"https:\/\/api.w.org\/{rel}","templated":true}]}}