{"id":108173,"date":"2020-03-22T10:07:00","date_gmt":"2020-03-22T13:07:00","guid":{"rendered":"http:\/\/www.hoymercedes.com.ar\/principal\/?p=108173"},"modified":"2020-03-22T14:27:05","modified_gmt":"2020-03-22T17:27:05","slug":"coronavirus-en-campo-de-mayo-se-instala-un-hospital-militar","status":"publish","type":"post","link":"https:\/\/www.hoymercedes.com.ar\/principal\/2020\/03\/22\/coronavirus-en-campo-de-mayo-se-instala-un-hospital-militar\/","title":{"rendered":"Coronavirus: En Campo de Mayo se instala un Hospital Militar"},"content":{"rendered":"\n<p class=\"has-medium-font-size\"><strong><em> Dentro de las medidas ordenadas para enfrentar el coronavirus &#8211; Covid 19, las instalaciones del hospital fueron desplegadas para aumentar las capacidades del Hospital Militar Campo de Mayo. <\/em><\/strong><\/p>\n\n\n\n<figure class=\"wp-block-image size-large\"><img loading=\"lazy\" decoding=\"async\" width=\"720\" height=\"405\" data-attachment-id=\"108175\" data-permalink=\"https:\/\/www.hoymercedes.com.ar\/principal\/2020\/03\/22\/coronavirus-en-campo-de-mayo-se-instala-un-hospital-militar\/21-hospital-campo-de-mayo-2\/#main\" data-orig-file=\"https:\/\/www.hoymercedes.com.ar\/principal\/wp-content\/uploads\/2020\/03\/21-hospital-Campo-de-Mayo-2.jpg\" data-orig-size=\"720,405\" data-comments-opened=\"0\" data-image-meta=\"{&quot;aperture&quot;:&quot;0&quot;,&quot;credit&quot;:&quot;&quot;,&quot;camera&quot;:&quot;&quot;,&quot;caption&quot;:&quot;&quot;,&quot;created_timestamp&quot;:&quot;0&quot;,&quot;copyright&quot;:&quot;&quot;,&quot;focal_length&quot;:&quot;0&quot;,&quot;iso&quot;:&quot;0&quot;,&quot;shutter_speed&quot;:&quot;0&quot;,&quot;title&quot;:&quot;&quot;,&quot;orientation&quot;:&quot;0&quot;}\" data-image-title=\"21 hospital Campo de Mayo 2\" data-image-description=\"\" data-image-caption=\"\" data-large-file=\"https:\/\/www.hoymercedes.com.ar\/principal\/wp-content\/uploads\/2020\/03\/21-hospital-Campo-de-Mayo-2.jpg\" src=\"https:\/\/www.hoymercedes.com.ar\/principal\/wp-content\/uploads\/2020\/03\/21-hospital-Campo-de-Mayo-2.jpg\" alt=\"\" class=\"wp-image-108175\"\/><\/figure>\n\n\n\n<p>La organizaci\u00f3n y el equipamiento del Ej\u00e9rcito responden a las necesidades de despliegue para la ejecuci\u00f3n de operaciones militares. Dentro de los sistemas que facilitan el funcionamiento del aparato militar terrestre, el sistema de sanidad tiene fundamental y vital importancia. Su principal misi\u00f3n es la de mantener la aptitud para el combate de las tropas por medio del cuidado y la recuperaci\u00f3n de la salud.<\/p>\n\n\n\n<p>El Hospital Militar Central, con sede en Buenos Aires, es la c\u00faspide de su pir\u00e1mide pero este sistema comienza en el suboficial enfermero que avanza con la primera l\u00ednea. Dentro del escalonamiento necesario, de acuerdo a los niveles de los elementos a apoyar, es de gran necesidad contar con instalaciones sanitarias de r\u00e1pido despliegue.<\/p>\n\n\n\n<p>Este sistema de salud comprende enfermeros y camilleros, carpas de mediano porte y ambulancias, en los niveles m\u00e1s cercanos al combate, y va escalon\u00e1ndose en Puestos Principales de socorro, hospital quir\u00fargico-m\u00f3viles, hospitales de evacuaci\u00f3n, hospitales de campa\u00f1a; tambi\u00e9n se apoya en hospitales locales. El Ej\u00e9rcito Argentino cuenta con el Hospital Militar Reubicable, que cobra una gran importancia debido a que suma una instalaci\u00f3n intermedia otorg\u00e1ndole a la Sanidad Militar mayor capacidad para evaluar y atender pacientes en operaciones, con equipos de alta complejidad y en forma aut\u00f3noma.<\/p>\n\n\n\n<p>El Hospital Militar Reubicable (HMR), por similitud a otros componentes de empleo dual del Sistema de Salud, puede tambi\u00e9n ser empleado para cubrir las necesidades de apoyo a la emergencia ante desastres naturales y\/o de apoyo a la comunidad, permiti\u00e9ndole al Estado Nacional, por medio del Ej\u00e9rcito, llegar r\u00e1pidamente con apoyo sanitario de primer nivel a cualquier punto del pa\u00eds.<\/p>\n\n\n\n<figure class=\"wp-block-image size-large\"><img loading=\"lazy\" decoding=\"async\" width=\"720\" height=\"405\" data-attachment-id=\"108176\" data-permalink=\"https:\/\/www.hoymercedes.com.ar\/principal\/2020\/03\/22\/coronavirus-en-campo-de-mayo-se-instala-un-hospital-militar\/21-hospital-campo-de-mayo-3\/#main\" data-orig-file=\"https:\/\/www.hoymercedes.com.ar\/principal\/wp-content\/uploads\/2020\/03\/21-hospital-Campo-de-Mayo-3.jpg\" data-orig-size=\"720,405\" data-comments-opened=\"0\" data-image-meta=\"{&quot;aperture&quot;:&quot;0&quot;,&quot;credit&quot;:&quot;&quot;,&quot;camera&quot;:&quot;&quot;,&quot;caption&quot;:&quot;&quot;,&quot;created_timestamp&quot;:&quot;0&quot;,&quot;copyright&quot;:&quot;&quot;,&quot;focal_length&quot;:&quot;0&quot;,&quot;iso&quot;:&quot;0&quot;,&quot;shutter_speed&quot;:&quot;0&quot;,&quot;title&quot;:&quot;&quot;,&quot;orientation&quot;:&quot;0&quot;}\" data-image-title=\"21 hospital Campo de Mayo 3\" data-image-description=\"\" data-image-caption=\"\" data-large-file=\"https:\/\/www.hoymercedes.com.ar\/principal\/wp-content\/uploads\/2020\/03\/21-hospital-Campo-de-Mayo-3.jpg\" src=\"https:\/\/www.hoymercedes.com.ar\/principal\/wp-content\/uploads\/2020\/03\/21-hospital-Campo-de-Mayo-3.jpg\" alt=\"\" class=\"wp-image-108176\"\/><\/figure>\n\n\n\n<p>Esta instalaci\u00f3n sanitaria de campa\u00f1a est\u00e1 conformada por 3 unidades espec\u00edficas: M\u00e9dica, de Internaci\u00f3n y Log\u00edstica, las cuales operan en forma integrada pero con funciones distintas.<\/p>\n\n\n\n<p>Unidad M\u00e9dica:<br>Cuenta con 5 m\u00f3dulos:<br>\u25cfM\u00f3dulo de primeros auxilios: Se recibe y clasifica al paciente.<br>\u25cfM\u00f3dulo Quir\u00f3fano: Conformado por un cuerpo central, tipo container, extendible hacia ambos laterales donde se conforman dos quir\u00f3fanos independientes equipados para realizar distintos tipos de cirug\u00edas.<br>\u25cfM\u00f3dulo de RX y diagn\u00f3stico por ultrasonidos: Permite efectuar un diagn\u00f3stico mediante la observaci\u00f3n en pantalla o impresi\u00f3n de imagen. Cuenta adem\u00e1s con un equipo port\u00e1til de ultrasonido que puede ser utilizado en cualquier m\u00f3dulo del Hospital.<br>\u25cfM\u00f3dulo bioqu\u00edmico: Tiene facilidades que permiten determinar pr\u00e1cticamente todos los par\u00e1metros bioqu\u00edmicos vitales del paciente.<br>\u25cfM\u00f3dulo esterilizaci\u00f3n: Permite el preparado, descontaminaci\u00f3n, lavado a presi\u00f3n y esterilizado por autoclave del instrumental quir\u00fargico para su utilizaci\u00f3n.<\/p>\n\n\n\n<p>La Unidad de Internaci\u00f3n: se encuentra destinada a mantener y tratar al paciente que requiera internaci\u00f3n. Est\u00e1 constituido por 4 carpas de grandes dimensiones interconectadas entre s\u00ed, con camas y el correspondiente mobiliario y sistema de gases medicinales, permitiendo la internaci\u00f3n simult\u00e1nea de docenas de personas.<\/p>\n\n\n\n<figure class=\"wp-block-image size-large\"><img loading=\"lazy\" decoding=\"async\" width=\"800\" height=\"600\" data-attachment-id=\"108178\" data-permalink=\"https:\/\/www.hoymercedes.com.ar\/principal\/2020\/03\/22\/coronavirus-en-campo-de-mayo-se-instala-un-hospital-militar\/21-hospital-campo-de-mayo-5\/#main\" data-orig-file=\"https:\/\/www.hoymercedes.com.ar\/principal\/wp-content\/uploads\/2020\/03\/21-hospital-Campo-de-Mayo-5.jpg\" data-orig-size=\"800,600\" data-comments-opened=\"0\" data-image-meta=\"{&quot;aperture&quot;:&quot;0&quot;,&quot;credit&quot;:&quot;&quot;,&quot;camera&quot;:&quot;&quot;,&quot;caption&quot;:&quot;&quot;,&quot;created_timestamp&quot;:&quot;0&quot;,&quot;copyright&quot;:&quot;&quot;,&quot;focal_length&quot;:&quot;0&quot;,&quot;iso&quot;:&quot;0&quot;,&quot;shutter_speed&quot;:&quot;0&quot;,&quot;title&quot;:&quot;&quot;,&quot;orientation&quot;:&quot;0&quot;}\" data-image-title=\"21 hospital Campo de Mayo 5\" data-image-description=\"\" data-image-caption=\"\" data-large-file=\"https:\/\/www.hoymercedes.com.ar\/principal\/wp-content\/uploads\/2020\/03\/21-hospital-Campo-de-Mayo-5.jpg\" src=\"https:\/\/www.hoymercedes.com.ar\/principal\/wp-content\/uploads\/2020\/03\/21-hospital-Campo-de-Mayo-5.jpg\" alt=\"\" class=\"wp-image-108178\"\/><\/figure>\n\n\n\n<p>La Unidad Log\u00edstica: se encarga de proveer el sost\u00e9n necesario para que el hospital pueda desarrollar sus funciones en forma independiente, abasteciendo a los M\u00f3dulos M\u00e9dico y de Internaci\u00f3n de todos los servicios e insumos necesarios para operar en forma ininterrumpida. Cuenta con 7 m\u00f3dulos:<br>\u25cfM\u00f3dulo de suministro el\u00e9ctrico: permite alimentaci\u00f3n de 220 y 380 Kw durante 24 horas diarias en forma simult\u00e1nea a todo el HMR.<br>\u25cfM\u00f3dulo suministro de agua: A trav\u00e9s de la obtenci\u00f3n de agua de cualquier afluente, filtra y potabiliza hasta 3.000 litros de agua cada 12 horas. Cuenta adem\u00e1s con un tanque de 7.000 litros y un sistema de distribuci\u00f3n interna del hospital.<br>\u25cfM\u00f3dulo cocina: permite la preparaci\u00f3n de hasta 300 raciones o comidas diaras.<br>\u25cfM\u00f3dulo lavadero: Cuenta con una m\u00e1quina lavadora y una secadora con capacidad de operaci\u00f3n de hasta 40 kilogramos de ropa por proceso.<br>\u25cfM\u00f3dulo gases medicinales: Posee un contenedor de ox\u00edgeno que permite tomar el aire del ambiente y generar los gases medicinales necesarios para la atenci\u00f3n m\u00e9dico\/quir\u00fargica. El abastecimiento de estos gases se realiza a trav\u00e9s de un sistema de distribuci\u00f3n conectado a las unidades M\u00e9dica y de Internaci\u00f3n.<br>\u25cfM\u00f3dulo ducha: Posee un vestuario y el equipamiento necesario para permitir la ducha simult\u00e1nea de hasta 6 pacientes por turno.<br>\u25cfM\u00f3dulo ba\u00f1o: Cuenta con dos instalaciones sanitarias independientes.<\/p>\n\n\n\n<p> Capacidades<br>Dentro de las capacidades del Hospital Militar Reubicable, podemos destacar las siguientes:<br>\u25cfProporcionar apoyo sanitario quir\u00fargico y de emergencia en forma aut\u00f3noma, integral e independiente por un lapso de 48 horas de operaci\u00f3n ininterrumpida.<br>\u25cfRealizar hasta 2 cirug\u00edas en forma simult\u00e1nea, con el equipamiento quir\u00fargico y la aparatolog\u00eda de monitoreo completo e independiente para cada quir\u00f3fano.<br>\u25cfEjecutar el apoyo de internaci\u00f3n de hasta un m\u00e1ximo de 28 pacientes simult\u00e1neos.<br>\u25cfPuede ser transportado f\u00e1cilmente por modo terrestre, a\u00e9reo o mar\u00edtimo (el HMR se transporta en 13 contenedores de 20 pies).<\/p>\n\n\n\n<p>Empleo  <br>Desde el punto de vista de su empleo, el HMR est\u00e1 especialmente dise\u00f1ado para:<br>\u25cfEjecutar el apoyo de Sanidad durante los despliegues operacionales de la Fuerza, como unidad m\u00e9dica quir\u00fargica de campa\u00f1a.<br>\u25cfProporcionar facilidades m\u00e9dicas con un alto grado de complejidad para el apoyo a la comunidad y\/o la asistencia humanitaria en caso de emergencia y\/o ante desastres naturales.<br>\u25cfReforzar las capacidades de otro hospital, por medio de su instalaci\u00f3n anexa a \u00e9ste. <\/p>\n\n\n\n<p>En funci\u00f3n de la situaci\u00f3n y las necesidades operacionales, el HMR podr\u00e1 ser desplegado con todos sus componentes, en forma parcial o escalonada, empleando aquellos componentes necesarios para la situaci\u00f3n, o integr\u00e1ndose a otras instalaciones u hospitales.<\/p>\n\n\n\n<p>Est\u00e1 bajo la responsabilidad de la Direcci\u00f3n General de Salud, organismo que lleva a cabo no s\u00f3lo el mantenimiento de sus componentes, sino tambi\u00e9n las tareas de adiestramiento del personal y de mantenimiento y alistamiento de sus medios, que corresponden para asegurar un eficaz empleo en la oportunidad y el lugar donde deba ser desplegado.<\/p>\n\n\n\n<p> Actualmente, desde el d\u00eda 21 de marzo y en cumplimiento de las disposiciones del Ministerio de Defensa, est\u00e1 desplegado en cercan\u00edas del Hospital Militar Campo de Mayo para aumentar sus capacidades dentro del sistema de salud para enfrentar el Coronavirus \u2013 Covid 19. <\/p>\n\n\n\n<p>Fuente: Ej\u00e9rcito Argentino<\/p>\n\n\n\n<figure class=\"wp-block-image size-large\"><img loading=\"lazy\" decoding=\"async\" width=\"800\" height=\"450\" data-attachment-id=\"108179\" data-permalink=\"https:\/\/www.hoymercedes.com.ar\/principal\/2020\/03\/22\/coronavirus-en-campo-de-mayo-se-instala-un-hospital-militar\/21-hospital-campo-de-mayo-6\/#main\" data-orig-file=\"https:\/\/www.hoymercedes.com.ar\/principal\/wp-content\/uploads\/2020\/03\/21-hospital-Campo-de-Mayo-6.jpg\" data-orig-size=\"800,450\" data-comments-opened=\"0\" data-image-meta=\"{&quot;aperture&quot;:&quot;0&quot;,&quot;credit&quot;:&quot;&quot;,&quot;camera&quot;:&quot;&quot;,&quot;caption&quot;:&quot;&quot;,&quot;created_timestamp&quot;:&quot;0&quot;,&quot;copyright&quot;:&quot;&quot;,&quot;focal_length&quot;:&quot;0&quot;,&quot;iso&quot;:&quot;0&quot;,&quot;shutter_speed&quot;:&quot;0&quot;,&quot;title&quot;:&quot;&quot;,&quot;orientation&quot;:&quot;0&quot;}\" data-image-title=\"21 hospital Campo de Mayo 6\" data-image-description=\"\" data-image-caption=\"\" data-large-file=\"https:\/\/www.hoymercedes.com.ar\/principal\/wp-content\/uploads\/2020\/03\/21-hospital-Campo-de-Mayo-6.jpg\" src=\"https:\/\/www.hoymercedes.com.ar\/principal\/wp-content\/uploads\/2020\/03\/21-hospital-Campo-de-Mayo-6.jpg\" alt=\"\" class=\"wp-image-108179\"\/><\/figure>\n","protected":false},"excerpt":{"rendered":"<p>Dentro de las medidas ordenadas para enfrentar el coronavirus &#8211; Covid 19, las instalaciones del hospital fueron desplegadas para aumentar &#8230; <a title=\"Coronavirus: En Campo de Mayo se instala un Hospital Militar\" class=\"read-more\" href=\"https:\/\/www.hoymercedes.com.ar\/principal\/2020\/03\/22\/coronavirus-en-campo-de-mayo-se-instala-un-hospital-militar\/\" aria-label=\"Leer m\u00e1s sobre Coronavirus: En Campo de Mayo se instala un Hospital Militar\">Leer m\u00e1s<\/a><\/p>\n","protected":false},"author":1,"featured_media":108174,"comment_status":"closed","ping_status":"open","sticky":false,"template":"","format":"standard","meta":{"_monsterinsights_skip_tracking":false,"_monsterinsights_sitenote_active":false,"_monsterinsights_sitenote_note":"","_monsterinsights_sitenote_category":0,"jetpack_post_was_ever_published":false,"_jetpack_newsletter_access":"","_jetpack_dont_email_post_to_subs":false,"_jetpack_newsletter_tier_id":0,"_jetpack_memberships_contains_paywalled_content":false,"_jetpack_memberships_contains_paid_content":false,"footnotes":"","jetpack_publicize_message":"","jetpack_publicize_feature_enabled":true,"jetpack_social_post_already_shared":true,"jetpack_social_options":{"image_generator_settings":{"template":"highway","default_image_id":0,"font":"","enabled":false},"version":2},"_wpas_customize_per_network":false},"categories":[5210],"tags":[16367,16175,16313,16368],"class_list":["post-108173","post","type-post","status-publish","format-standard","has-post-thumbnail","hentry","category-politica-nacional","tag-campo-de-mayo","tag-coronavirus","tag-covid-19","tag-hospital-de-campana","generate-columns","tablet-grid-50","mobile-grid-100","grid-parent","grid-50"],"jetpack_publicize_connections":[],"jetpack_featured_media_url":"https:\/\/www.hoymercedes.com.ar\/principal\/wp-content\/uploads\/2020\/03\/21-hospital-Campo-de-Mayo-1.jpg","wps_subtitle":"Ante la posible emergencia","jetpack_sharing_enabled":true,"_links":{"self":[{"href":"https:\/\/www.hoymercedes.com.ar\/principal\/wp-json\/wp\/v2\/posts\/108173","targetHints":{"allow":["GET"]}}],"collection":[{"href":"https:\/\/www.hoymercedes.com.ar\/principal\/wp-json\/wp\/v2\/posts"}],"about":[{"href":"https:\/\/www.hoymercedes.com.ar\/principal\/wp-json\/wp\/v2\/types\/post"}],"author":[{"embeddable":true,"href":"https:\/\/www.hoymercedes.com.ar\/principal\/wp-json\/wp\/v2\/users\/1"}],"replies":[{"embeddable":true,"href":"https:\/\/www.hoymercedes.com.ar\/principal\/wp-json\/wp\/v2\/comments?post=108173"}],"version-history":[{"count":0,"href":"https:\/\/www.hoymercedes.com.ar\/principal\/wp-json\/wp\/v2\/posts\/108173\/revisions"}],"wp:featuredmedia":[{"embeddable":true,"href":"https:\/\/www.hoymercedes.com.ar\/principal\/wp-json\/wp\/v2\/media\/108174"}],"wp:attachment":[{"href":"https:\/\/www.hoymercedes.com.ar\/principal\/wp-json\/wp\/v2\/media?parent=108173"}],"wp:term":[{"taxonomy":"category","embeddable":true,"href":"https:\/\/www.hoymercedes.com.ar\/principal\/wp-json\/wp\/v2\/categories?post=108173"},{"taxonomy":"post_tag","embeddable":true,"href":"https:\/\/www.hoymercedes.com.ar\/principal\/wp-json\/wp\/v2\/tags?post=108173"}],"curies":[{"name":"wp","href":"https:\/\/api.w.org\/{rel}","templated":true}]}}