{"id":108187,"date":"2020-03-22T14:21:50","date_gmt":"2020-03-22T17:21:50","guid":{"rendered":"http:\/\/www.hoymercedes.com.ar\/principal\/?p=108187"},"modified":"2020-03-22T14:23:29","modified_gmt":"2020-03-22T17:23:29","slug":"mercedinos-detenidos-en-s-a-de-giles-por-llevar-su-vehiculo-en-forma-de-pago-a-dicha-localidad","status":"publish","type":"post","link":"https:\/\/www.hoymercedes.com.ar\/principal\/2020\/03\/22\/mercedinos-detenidos-en-s-a-de-giles-por-llevar-su-vehiculo-en-forma-de-pago-a-dicha-localidad\/","title":{"rendered":"Mercedinos detenidos en S. A. de Giles por \u00abllevar su veh\u00edculo en forma de pago\u00bb a dicha localidad"},"content":{"rendered":"\n<p>Desde la localidad de San Andr\u00e9s de Giles lleg\u00f3 la informaci\u00f3n que la polic\u00eda local detuvo a dos hombres con domicilio en Mercedes que fueron a la vecina localidad a \u00abentregar\u00bb un Renault 12 por parte de pago. El auto y las dos personas quedaron a disposici\u00f3n de la Justicia Federal. <\/p>\n\n\n\n<figure class=\"wp-block-image size-large\"><img loading=\"lazy\" decoding=\"async\" width=\"800\" height=\"533\" data-attachment-id=\"108189\" data-permalink=\"https:\/\/www.hoymercedes.com.ar\/principal\/2020\/03\/22\/mercedinos-detenidos-en-s-a-de-giles-por-llevar-su-vehiculo-en-forma-de-pago-a-dicha-localidad\/22-poli-giles-2\/#main\" data-orig-file=\"https:\/\/www.hoymercedes.com.ar\/principal\/wp-content\/uploads\/2020\/03\/22-poli-giles-2.jpg\" data-orig-size=\"800,533\" data-comments-opened=\"0\" data-image-meta=\"{&quot;aperture&quot;:&quot;0&quot;,&quot;credit&quot;:&quot;&quot;,&quot;camera&quot;:&quot;&quot;,&quot;caption&quot;:&quot;&quot;,&quot;created_timestamp&quot;:&quot;0&quot;,&quot;copyright&quot;:&quot;&quot;,&quot;focal_length&quot;:&quot;0&quot;,&quot;iso&quot;:&quot;0&quot;,&quot;shutter_speed&quot;:&quot;0&quot;,&quot;title&quot;:&quot;&quot;,&quot;orientation&quot;:&quot;0&quot;}\" data-image-title=\"22 poli giles 2\" data-image-description=\"\" data-image-caption=\"\" data-large-file=\"https:\/\/www.hoymercedes.com.ar\/principal\/wp-content\/uploads\/2020\/03\/22-poli-giles-2.jpg\" src=\"https:\/\/www.hoymercedes.com.ar\/principal\/wp-content\/uploads\/2020\/03\/22-poli-giles-2.jpg\" alt=\"\" class=\"wp-image-108189\"\/><\/figure>\n\n\n\n<p>De acuerdo a la informaci\u00f3n de Info Ciudad esta ma\u00f1ana, los efectivos identificaron un auto, marca Renault modelo 12 de color gris, que no era de la ciudad de San Andr\u00e9s de Giles. Al abordarlo, los dos ocupantes destacaron que hab\u00edan ido a dicha localidad para \u201centregar\u201d el veh\u00edculo en parte de pago.<\/p>\n\n\n\n<p>Los dos masculinos, con domicilio en Mercedes, fueron detenidos por la fuerza de seguridad por infringir los art\u00edculos 205 y 239 del C\u00f3digo Penal. El auto tambi\u00e9n qued\u00f3 secuestrado. Los masculinos fueron puestos a disposici\u00f3n del Juzgado Federal.<\/p>\n\n\n\n<p>Hasta el momento son 10 las personas que fueron detenidas por infringir la cuarentena obligatoria en San Andr\u00e9s de Giles.<\/p>\n\n\n\n<p>Colaboraci\u00f3n: InfoCiudad de San Andr\u00e9s de Giles. <\/p>\n\n\n\n<figure class=\"wp-block-image size-large\"><img loading=\"lazy\" decoding=\"async\" width=\"1152\" height=\"648\" data-attachment-id=\"108190\" data-permalink=\"https:\/\/www.hoymercedes.com.ar\/principal\/2020\/03\/22\/mercedinos-detenidos-en-s-a-de-giles-por-llevar-su-vehiculo-en-forma-de-pago-a-dicha-localidad\/22-poli-giles-3\/#main\" data-orig-file=\"https:\/\/www.hoymercedes.com.ar\/principal\/wp-content\/uploads\/2020\/03\/22-poli-giles-3.jpg\" data-orig-size=\"1152,648\" data-comments-opened=\"0\" data-image-meta=\"{&quot;aperture&quot;:&quot;0&quot;,&quot;credit&quot;:&quot;&quot;,&quot;camera&quot;:&quot;&quot;,&quot;caption&quot;:&quot;&quot;,&quot;created_timestamp&quot;:&quot;0&quot;,&quot;copyright&quot;:&quot;&quot;,&quot;focal_length&quot;:&quot;0&quot;,&quot;iso&quot;:&quot;0&quot;,&quot;shutter_speed&quot;:&quot;0&quot;,&quot;title&quot;:&quot;&quot;,&quot;orientation&quot;:&quot;0&quot;}\" data-image-title=\"22 poli giles 3\" data-image-description=\"\" data-image-caption=\"\" data-large-file=\"https:\/\/www.hoymercedes.com.ar\/principal\/wp-content\/uploads\/2020\/03\/22-poli-giles-3.jpg\" src=\"https:\/\/www.hoymercedes.com.ar\/principal\/wp-content\/uploads\/2020\/03\/22-poli-giles-3.jpg\" alt=\"\" class=\"wp-image-108190\"\/><\/figure>\n","protected":false},"excerpt":{"rendered":"<p>Desde la localidad de San Andr\u00e9s de Giles lleg\u00f3 la informaci\u00f3n que la polic\u00eda local detuvo a dos hombres con &#8230; <a title=\"Mercedinos detenidos en S. A. de Giles por \u00abllevar su veh\u00edculo en forma de pago\u00bb a dicha localidad\" class=\"read-more\" href=\"https:\/\/www.hoymercedes.com.ar\/principal\/2020\/03\/22\/mercedinos-detenidos-en-s-a-de-giles-por-llevar-su-vehiculo-en-forma-de-pago-a-dicha-localidad\/\" aria-label=\"Leer m\u00e1s sobre Mercedinos detenidos en S. A. de Giles por \u00abllevar su veh\u00edculo en forma de pago\u00bb a dicha localidad\">Leer m\u00e1s<\/a><\/p>\n","protected":false},"author":1,"featured_media":108190,"comment_status":"closed","ping_status":"open","sticky":false,"template":"","format":"standard","meta":{"_monsterinsights_skip_tracking":false,"_monsterinsights_sitenote_active":false,"_monsterinsights_sitenote_note":"","_monsterinsights_sitenote_category":0,"jetpack_post_was_ever_published":false,"_jetpack_newsletter_access":"","_jetpack_dont_email_post_to_subs":false,"_jetpack_newsletter_tier_id":0,"_jetpack_memberships_contains_paywalled_content":false,"_jetpack_memberships_contains_paid_content":false,"footnotes":"","jetpack_publicize_message":"","jetpack_publicize_feature_enabled":true,"jetpack_social_post_already_shared":true,"jetpack_social_options":{"image_generator_settings":{"template":"highway","default_image_id":0,"font":"","enabled":false},"version":2},"_wpas_customize_per_network":false},"categories":[85],"tags":[16353,16175,16313,16361,96,1057,2123],"class_list":["post-108187","post","type-post","status-publish","format-standard","has-post-thumbnail","hentry","category-policial","tag-aislamiento-social-obligatorio","tag-coronavirus","tag-covid-19","tag-cuarentena","tag-policial-2","tag-regional","tag-san-andres-de-giles","generate-columns","tablet-grid-50","mobile-grid-100","grid-parent","grid-50"],"jetpack_publicize_connections":[],"jetpack_featured_media_url":"https:\/\/www.hoymercedes.com.ar\/principal\/wp-content\/uploads\/2020\/03\/22-poli-giles-3.jpg","wps_subtitle":"Incumplimiento de la cuarentena","jetpack_sharing_enabled":true,"_links":{"self":[{"href":"https:\/\/www.hoymercedes.com.ar\/principal\/wp-json\/wp\/v2\/posts\/108187","targetHints":{"allow":["GET"]}}],"collection":[{"href":"https:\/\/www.hoymercedes.com.ar\/principal\/wp-json\/wp\/v2\/posts"}],"about":[{"href":"https:\/\/www.hoymercedes.com.ar\/principal\/wp-json\/wp\/v2\/types\/post"}],"author":[{"embeddable":true,"href":"https:\/\/www.hoymercedes.com.ar\/principal\/wp-json\/wp\/v2\/users\/1"}],"replies":[{"embeddable":true,"href":"https:\/\/www.hoymercedes.com.ar\/principal\/wp-json\/wp\/v2\/comments?post=108187"}],"version-history":[{"count":0,"href":"https:\/\/www.hoymercedes.com.ar\/principal\/wp-json\/wp\/v2\/posts\/108187\/revisions"}],"wp:featuredmedia":[{"embeddable":true,"href":"https:\/\/www.hoymercedes.com.ar\/principal\/wp-json\/wp\/v2\/media\/108190"}],"wp:attachment":[{"href":"https:\/\/www.hoymercedes.com.ar\/principal\/wp-json\/wp\/v2\/media?parent=108187"}],"wp:term":[{"taxonomy":"category","embeddable":true,"href":"https:\/\/www.hoymercedes.com.ar\/principal\/wp-json\/wp\/v2\/categories?post=108187"},{"taxonomy":"post_tag","embeddable":true,"href":"https:\/\/www.hoymercedes.com.ar\/principal\/wp-json\/wp\/v2\/tags?post=108187"}],"curies":[{"name":"wp","href":"https:\/\/api.w.org\/{rel}","templated":true}]}}