{"id":108193,"date":"2020-03-22T15:13:00","date_gmt":"2020-03-22T18:13:00","guid":{"rendered":"http:\/\/www.hoymercedes.com.ar\/principal\/?p=108193"},"modified":"2020-03-22T15:09:43","modified_gmt":"2020-03-22T18:09:43","slug":"coronavirus-reunion-extraordinaria-de-mesa-intersectorial-en-unidades-penitenciarias","status":"publish","type":"post","link":"https:\/\/www.hoymercedes.com.ar\/principal\/2020\/03\/22\/coronavirus-reunion-extraordinaria-de-mesa-intersectorial-en-unidades-penitenciarias\/","title":{"rendered":"Coronavirus: reuni\u00f3n extraordinaria de mesa intersectorial en Unidades Penitenciarias"},"content":{"rendered":"\n<p>El Ministro de Justicia y Derechos Humanos de la provincia, Julio Alak, se reuni\u00f3 con el titular de la Defensor\u00eda del Pueblo, Guido Lorenzino, y su subsecretario de Pol\u00edtica Criminal, Lisandro Pellegrini y otras 23 personas a trav\u00e9s de plataformas digitales para avanzar en la unificaci\u00f3n de una pol\u00edtica sanitaria para las personas privadas de la libertad.<\/p>\n\n\n\n<figure class=\"wp-block-image size-large\"><img loading=\"lazy\" decoding=\"async\" width=\"800\" height=\"533\" data-attachment-id=\"108194\" data-permalink=\"https:\/\/www.hoymercedes.com.ar\/principal\/2020\/03\/22\/coronavirus-reunion-extraordinaria-de-mesa-intersectorial-en-unidades-penitenciarias\/22-carcel-defensoria\/#main\" data-orig-file=\"https:\/\/www.hoymercedes.com.ar\/principal\/wp-content\/uploads\/2020\/03\/22-carcel-defensoria.jpg\" data-orig-size=\"800,533\" data-comments-opened=\"0\" data-image-meta=\"{&quot;aperture&quot;:&quot;0&quot;,&quot;credit&quot;:&quot;&quot;,&quot;camera&quot;:&quot;&quot;,&quot;caption&quot;:&quot;&quot;,&quot;created_timestamp&quot;:&quot;0&quot;,&quot;copyright&quot;:&quot;&quot;,&quot;focal_length&quot;:&quot;0&quot;,&quot;iso&quot;:&quot;0&quot;,&quot;shutter_speed&quot;:&quot;0&quot;,&quot;title&quot;:&quot;&quot;,&quot;orientation&quot;:&quot;0&quot;}\" data-image-title=\"22 carcel defensoria\" data-image-description=\"\" data-image-caption=\"\" data-large-file=\"https:\/\/www.hoymercedes.com.ar\/principal\/wp-content\/uploads\/2020\/03\/22-carcel-defensoria.jpg\" src=\"https:\/\/www.hoymercedes.com.ar\/principal\/wp-content\/uploads\/2020\/03\/22-carcel-defensoria.jpg\" alt=\"\" class=\"wp-image-108194\"\/><\/figure>\n\n\n\n<p>En consonancia con las medidas de prevenci\u00f3n dictadas por el ministerio de salud, el ministro convoc\u00f3 a reforzar las inversiones en productos de higiene y a que todos los profesionales de la salud (tanto m\u00e9dicos como psic\u00f3logos) sean llamados a abocarse de lleno a la salud penitenciaria. Estas medidas se suman al 100% acatamiento por parte de la poblaci\u00f3n carcelaria de auto aislarse y restringir las visitas.<\/p>\n\n\n\n<p>Por otro lado el Comit\u00e9 de Crisis, creado d\u00edas atr\u00e1s, no descart\u00f3 invitar al Poder Judicial a sumarse a participar de futuros encuentros. <\/p>\n\n\n\n<p>Fuente: Prensa U5<\/p>\n","protected":false},"excerpt":{"rendered":"<p>El Ministro de Justicia y Derechos Humanos de la provincia, Julio Alak, se reuni\u00f3 con el titular de la Defensor\u00eda &#8230; <a title=\"Coronavirus: reuni\u00f3n extraordinaria de mesa intersectorial en Unidades Penitenciarias\" class=\"read-more\" href=\"https:\/\/www.hoymercedes.com.ar\/principal\/2020\/03\/22\/coronavirus-reunion-extraordinaria-de-mesa-intersectorial-en-unidades-penitenciarias\/\" aria-label=\"Leer m\u00e1s sobre Coronavirus: reuni\u00f3n extraordinaria de mesa intersectorial en Unidades Penitenciarias\">Leer m\u00e1s<\/a><\/p>\n","protected":false},"author":1,"featured_media":108194,"comment_status":"closed","ping_status":"open","sticky":false,"template":"","format":"standard","meta":{"_monsterinsights_skip_tracking":false,"_monsterinsights_sitenote_active":false,"_monsterinsights_sitenote_note":"","_monsterinsights_sitenote_category":0,"jetpack_post_was_ever_published":false,"_jetpack_newsletter_access":"","_jetpack_dont_email_post_to_subs":false,"_jetpack_newsletter_tier_id":0,"_jetpack_memberships_contains_paywalled_content":false,"_jetpack_memberships_contains_paid_content":false,"footnotes":"","jetpack_publicize_message":"","jetpack_publicize_feature_enabled":true,"jetpack_social_post_already_shared":true,"jetpack_social_options":{"image_generator_settings":{"template":"highway","default_image_id":0,"font":"","enabled":false},"version":2},"_wpas_customize_per_network":false},"categories":[8881],"tags":[6554,16175,16310,1803,8401],"class_list":["post-108193","post","type-post","status-publish","format-standard","has-post-thumbnail","hentry","category-provincia","tag-carceles","tag-coronavirus","tag-covid-19-pandemia","tag-provincia","tag-servicio-penitenciario-bonaerense","generate-columns","tablet-grid-50","mobile-grid-100","grid-parent","grid-50"],"jetpack_publicize_connections":[],"jetpack_featured_media_url":"https:\/\/www.hoymercedes.com.ar\/principal\/wp-content\/uploads\/2020\/03\/22-carcel-defensoria.jpg","wps_subtitle":"Prevenci\u00f3n en las c\u00e1rceles","jetpack_sharing_enabled":true,"_links":{"self":[{"href":"https:\/\/www.hoymercedes.com.ar\/principal\/wp-json\/wp\/v2\/posts\/108193","targetHints":{"allow":["GET"]}}],"collection":[{"href":"https:\/\/www.hoymercedes.com.ar\/principal\/wp-json\/wp\/v2\/posts"}],"about":[{"href":"https:\/\/www.hoymercedes.com.ar\/principal\/wp-json\/wp\/v2\/types\/post"}],"author":[{"embeddable":true,"href":"https:\/\/www.hoymercedes.com.ar\/principal\/wp-json\/wp\/v2\/users\/1"}],"replies":[{"embeddable":true,"href":"https:\/\/www.hoymercedes.com.ar\/principal\/wp-json\/wp\/v2\/comments?post=108193"}],"version-history":[{"count":0,"href":"https:\/\/www.hoymercedes.com.ar\/principal\/wp-json\/wp\/v2\/posts\/108193\/revisions"}],"wp:featuredmedia":[{"embeddable":true,"href":"https:\/\/www.hoymercedes.com.ar\/principal\/wp-json\/wp\/v2\/media\/108194"}],"wp:attachment":[{"href":"https:\/\/www.hoymercedes.com.ar\/principal\/wp-json\/wp\/v2\/media?parent=108193"}],"wp:term":[{"taxonomy":"category","embeddable":true,"href":"https:\/\/www.hoymercedes.com.ar\/principal\/wp-json\/wp\/v2\/categories?post=108193"},{"taxonomy":"post_tag","embeddable":true,"href":"https:\/\/www.hoymercedes.com.ar\/principal\/wp-json\/wp\/v2\/tags?post=108193"}],"curies":[{"name":"wp","href":"https:\/\/api.w.org\/{rel}","templated":true}]}}