{"id":108209,"date":"2020-03-22T17:56:09","date_gmt":"2020-03-22T20:56:09","guid":{"rendered":"http:\/\/www.hoymercedes.com.ar\/principal\/?p=108209"},"modified":"2020-03-22T18:03:50","modified_gmt":"2020-03-22T21:03:50","slug":"coronavirus-instituciones-educativas-locales-imprimiran-en-3d-mascaras-de-proteccion-para-seguridad","status":"publish","type":"post","link":"https:\/\/www.hoymercedes.com.ar\/principal\/2020\/03\/22\/coronavirus-instituciones-educativas-locales-imprimiran-en-3d-mascaras-de-proteccion-para-seguridad\/","title":{"rendered":"Coronavirus: Instituciones educativas locales imprimir\u00e1n en 3D m\u00e1scaras de protecci\u00f3n para seguridad"},"content":{"rendered":"\n<p>Por iniciativa de la Escuela T\u00e9cnica N\u00b0 2 de Gowland, a trav\u00e9s de su profesor Pedro Fern\u00e1ndez y la Direcci\u00f3n de Carla Desanzo, se est\u00e1 dando forma a un proyecto para que las escuelas t\u00e9cnicas y de Formaci\u00f3n Profesional que tienen impresoras en 3D realicen m\u00e1scaras de protecci\u00f3n para personal de seguridad, recolecci\u00f3n de residuos y\/o de sanidad. <\/p>\n\n\n\n<figure class=\"wp-block-image size-large\"><img loading=\"lazy\" decoding=\"async\" width=\"700\" height=\"800\" data-attachment-id=\"108210\" data-permalink=\"https:\/\/www.hoymercedes.com.ar\/principal\/2020\/03\/22\/coronavirus-instituciones-educativas-locales-imprimiran-en-3d-mascaras-de-proteccion-para-seguridad\/22-mascaras-acetato\/#main\" data-orig-file=\"https:\/\/www.hoymercedes.com.ar\/principal\/wp-content\/uploads\/2020\/03\/22-mascaras-acetato.jpg\" data-orig-size=\"700,800\" data-comments-opened=\"0\" data-image-meta=\"{&quot;aperture&quot;:&quot;0&quot;,&quot;credit&quot;:&quot;&quot;,&quot;camera&quot;:&quot;&quot;,&quot;caption&quot;:&quot;&quot;,&quot;created_timestamp&quot;:&quot;0&quot;,&quot;copyright&quot;:&quot;&quot;,&quot;focal_length&quot;:&quot;0&quot;,&quot;iso&quot;:&quot;0&quot;,&quot;shutter_speed&quot;:&quot;0&quot;,&quot;title&quot;:&quot;&quot;,&quot;orientation&quot;:&quot;0&quot;}\" data-image-title=\"22 mascaras acetato\" data-image-description=\"\" data-image-caption=\"\" data-large-file=\"https:\/\/www.hoymercedes.com.ar\/principal\/wp-content\/uploads\/2020\/03\/22-mascaras-acetato.jpg\" src=\"https:\/\/www.hoymercedes.com.ar\/principal\/wp-content\/uploads\/2020\/03\/22-mascaras-acetato.jpg\" alt=\"\" class=\"wp-image-108210\"\/><figcaption>Modelo tomado en los planos e instructivos<\/figcaption><\/figure>\n\n\n\n<p>La Directora de la Escuela T\u00e9cnica N\u00b0 2 cont\u00f3 que con el equipo de trabajo de la instituci\u00f3n estuvieron pensando y buscando c\u00f3mo pod\u00edan colaborar desde la instituci\u00f3n: \u00abEn este momento dif\u00edcil, se necesita de todos nosotros. Hay muchas cosas que podemos hacer con impresiones en 3D, estuvimos buscando y lo m\u00e1s r\u00e1pido y urgente es colaborar con estas m\u00e1scaras. Hay gente que est\u00e1 trabajando como los recolectores, y otros que est\u00e1n controlando los accesos. Muchos en el \u00e1rea de seguridad y sanidad. Ellos se est\u00e1n exponiendo constantemente. Por eso queremos poder ayudarlos con esto\u00bb.<\/p>\n\n\n\n<p> \u00abHoy le pasamos la propuesta al Municipio. Enseguida se comunicaron para colaborar en lo que sea. Invitamos a todas las escuelas que tienen impresoras en 3D. Nos conectamos r\u00e1pidamente y comenzamos a trabajar el proyecto. Sali\u00f3 r\u00e1pida la propuesta a los profesores que ya hay personas que quieren donar placas de acetato de 24&#215;24 cm. Necesitamos de esas medidas o la medida m\u00e1s pr\u00f3xima a esa, limpias y cortadas. Tienen que ser as\u00ed porque el trabajo se tiene que hacer en soledad, ya que no podemos juntarnos ni hacer trabajo en serie. Estamos imprimiendo una de prueba para concretar el proyecto\u00bb, agreg\u00f3 Carla Desanzo. <\/p>\n\n\n\n<p>En principio, el trabajo se har\u00e1 con materiales con los cuales ya cuentas las instituciones educativas. M\u00e1s adelante, se notificar\u00e1 si se necesita donaci\u00f3n de botellas de pl\u00e1stico. <\/p>\n\n\n\n<p>Por Hoy Mercedes<\/p>\n\n\n\n<figure class=\"wp-block-image size-large\"><img loading=\"lazy\" decoding=\"async\" width=\"800\" height=\"450\" data-attachment-id=\"108213\" data-permalink=\"https:\/\/www.hoymercedes.com.ar\/principal\/2020\/03\/22\/coronavirus-instituciones-educativas-locales-imprimiran-en-3d-mascaras-de-proteccion-para-seguridad\/22-mascaras-acetato2\/#main\" data-orig-file=\"https:\/\/www.hoymercedes.com.ar\/principal\/wp-content\/uploads\/2020\/03\/22-mascaras-acetato2.jpg\" data-orig-size=\"800,450\" data-comments-opened=\"0\" data-image-meta=\"{&quot;aperture&quot;:&quot;0&quot;,&quot;credit&quot;:&quot;&quot;,&quot;camera&quot;:&quot;&quot;,&quot;caption&quot;:&quot;&quot;,&quot;created_timestamp&quot;:&quot;0&quot;,&quot;copyright&quot;:&quot;&quot;,&quot;focal_length&quot;:&quot;0&quot;,&quot;iso&quot;:&quot;0&quot;,&quot;shutter_speed&quot;:&quot;0&quot;,&quot;title&quot;:&quot;&quot;,&quot;orientation&quot;:&quot;0&quot;}\" data-image-title=\"22 mascaras acetato2\" data-image-description=\"\" data-image-caption=\"&lt;p&gt;La primera prueba de impresi\u00f3n en 3D para las m\u00e1scaras&lt;\/p&gt;\n\" data-large-file=\"https:\/\/www.hoymercedes.com.ar\/principal\/wp-content\/uploads\/2020\/03\/22-mascaras-acetato2.jpg\" src=\"https:\/\/www.hoymercedes.com.ar\/principal\/wp-content\/uploads\/2020\/03\/22-mascaras-acetato2.jpg\" alt=\"\" class=\"wp-image-108213\"\/><figcaption>La primera prueba de impresi\u00f3n en 3D para las m\u00e1scaras<\/figcaption><\/figure>\n","protected":false},"excerpt":{"rendered":"<p>Por iniciativa de la Escuela T\u00e9cnica N\u00b0 2 de Gowland, a trav\u00e9s de su profesor Pedro Fern\u00e1ndez y la Direcci\u00f3n &#8230; <a title=\"Coronavirus: Instituciones educativas locales imprimir\u00e1n en 3D m\u00e1scaras de protecci\u00f3n para seguridad\" class=\"read-more\" href=\"https:\/\/www.hoymercedes.com.ar\/principal\/2020\/03\/22\/coronavirus-instituciones-educativas-locales-imprimiran-en-3d-mascaras-de-proteccion-para-seguridad\/\" aria-label=\"Leer m\u00e1s sobre Coronavirus: Instituciones educativas locales imprimir\u00e1n en 3D m\u00e1scaras de protecci\u00f3n para seguridad\">Leer m\u00e1s<\/a><\/p>\n","protected":false},"author":1,"featured_media":108210,"comment_status":"closed","ping_status":"open","sticky":false,"template":"","format":"standard","meta":{"_monsterinsights_skip_tracking":false,"_monsterinsights_sitenote_active":false,"_monsterinsights_sitenote_note":"","_monsterinsights_sitenote_category":0,"jetpack_post_was_ever_published":false,"_jetpack_newsletter_access":"","_jetpack_dont_email_post_to_subs":false,"_jetpack_newsletter_tier_id":0,"_jetpack_memberships_contains_paywalled_content":false,"_jetpack_memberships_contains_paid_content":false,"footnotes":"","jetpack_publicize_message":"","jetpack_publicize_feature_enabled":true,"jetpack_social_post_already_shared":true,"jetpack_social_options":{"image_generator_settings":{"template":"highway","default_image_id":0,"font":"","enabled":false},"version":2},"_wpas_customize_per_network":false},"categories":[23],"tags":[16175,16313,47,12933,16369,244],"class_list":["post-108209","post","type-post","status-publish","format-standard","has-post-thumbnail","hentry","category-educacion","tag-coronavirus","tag-covid-19","tag-educacion-2","tag-escuela-tecnica-n-2","tag-impresion-en-3d","tag-municipio-2","generate-columns","tablet-grid-50","mobile-grid-100","grid-parent","grid-50"],"jetpack_publicize_connections":[],"jetpack_featured_media_url":"https:\/\/www.hoymercedes.com.ar\/principal\/wp-content\/uploads\/2020\/03\/22-mascaras-acetato.jpg","wps_subtitle":"Educaci\u00f3n y trabajo","jetpack_sharing_enabled":true,"_links":{"self":[{"href":"https:\/\/www.hoymercedes.com.ar\/principal\/wp-json\/wp\/v2\/posts\/108209","targetHints":{"allow":["GET"]}}],"collection":[{"href":"https:\/\/www.hoymercedes.com.ar\/principal\/wp-json\/wp\/v2\/posts"}],"about":[{"href":"https:\/\/www.hoymercedes.com.ar\/principal\/wp-json\/wp\/v2\/types\/post"}],"author":[{"embeddable":true,"href":"https:\/\/www.hoymercedes.com.ar\/principal\/wp-json\/wp\/v2\/users\/1"}],"replies":[{"embeddable":true,"href":"https:\/\/www.hoymercedes.com.ar\/principal\/wp-json\/wp\/v2\/comments?post=108209"}],"version-history":[{"count":0,"href":"https:\/\/www.hoymercedes.com.ar\/principal\/wp-json\/wp\/v2\/posts\/108209\/revisions"}],"wp:featuredmedia":[{"embeddable":true,"href":"https:\/\/www.hoymercedes.com.ar\/principal\/wp-json\/wp\/v2\/media\/108210"}],"wp:attachment":[{"href":"https:\/\/www.hoymercedes.com.ar\/principal\/wp-json\/wp\/v2\/media?parent=108209"}],"wp:term":[{"taxonomy":"category","embeddable":true,"href":"https:\/\/www.hoymercedes.com.ar\/principal\/wp-json\/wp\/v2\/categories?post=108209"},{"taxonomy":"post_tag","embeddable":true,"href":"https:\/\/www.hoymercedes.com.ar\/principal\/wp-json\/wp\/v2\/tags?post=108209"}],"curies":[{"name":"wp","href":"https:\/\/api.w.org\/{rel}","templated":true}]}}