{"id":108241,"date":"2020-03-23T13:33:00","date_gmt":"2020-03-23T16:33:00","guid":{"rendered":"http:\/\/www.hoymercedes.com.ar\/principal\/?p=108241"},"modified":"2020-03-23T15:14:44","modified_gmt":"2020-03-23T18:14:44","slug":"desarrollo-social-refuerza-programas-alimenticios-y-asistenciales","status":"publish","type":"post","link":"https:\/\/www.hoymercedes.com.ar\/principal\/2020\/03\/23\/desarrollo-social-refuerza-programas-alimenticios-y-asistenciales\/","title":{"rendered":"Desarrollo Social refuerza programas alimenticios y asistenciales"},"content":{"rendered":"\n<p>La Secretar\u00eda de Desarrollo Social, a cargo de Jorgelina Silva, comenz\u00f3 la semana con un operativo de asistencia a los vecinos que mensualmente se presentan al \u00e1rea a buscar bolsones de alimentos. A la habitual entrega de alimentos y asistencias de distinta \u00edndole se sum\u00f3 el refuerzo y adelantamiento de entregas programadas. <\/p>\n\n\n\n<div class=\"wp-block-image\"><figure class=\"aligncenter size-large\"><img loading=\"lazy\" decoding=\"async\" width=\"800\" height=\"533\" data-attachment-id=\"108243\" data-permalink=\"https:\/\/www.hoymercedes.com.ar\/principal\/2020\/03\/23\/desarrollo-social-refuerza-programas-alimenticios-y-asistenciales\/23-desarrollo-bolsones\/#main\" data-orig-file=\"https:\/\/www.hoymercedes.com.ar\/principal\/wp-content\/uploads\/2020\/03\/23-desarrollo-bolsones.jpg\" data-orig-size=\"800,533\" data-comments-opened=\"0\" data-image-meta=\"{&quot;aperture&quot;:&quot;0&quot;,&quot;credit&quot;:&quot;&quot;,&quot;camera&quot;:&quot;&quot;,&quot;caption&quot;:&quot;&quot;,&quot;created_timestamp&quot;:&quot;0&quot;,&quot;copyright&quot;:&quot;&quot;,&quot;focal_length&quot;:&quot;0&quot;,&quot;iso&quot;:&quot;0&quot;,&quot;shutter_speed&quot;:&quot;0&quot;,&quot;title&quot;:&quot;&quot;,&quot;orientation&quot;:&quot;0&quot;}\" data-image-title=\"23 desarrollo bolsones\" data-image-description=\"\" data-image-caption=\"\" data-large-file=\"https:\/\/www.hoymercedes.com.ar\/principal\/wp-content\/uploads\/2020\/03\/23-desarrollo-bolsones.jpg\" src=\"https:\/\/www.hoymercedes.com.ar\/principal\/wp-content\/uploads\/2020\/03\/23-desarrollo-bolsones.jpg\" alt=\"\" class=\"wp-image-108243\"\/><\/figure><\/div>\n\n\n\n<p>\u201cEl intendente lanz\u00f3 un plan de emergencia en toda la ciudad\u201d afirm\u00f3 y remarc\u00f3 que \u201cen lo que  refiere a Desarrollo Social tenemos varios programas con emergencias y asistencias reforzadas\u201d destac\u00f3 la funcionaria. \u00abNi bien inici\u00f3 el aislamiento social preventivo y obligatorio Desarrollo Social readecu\u00f3 sus tareas poniendo en alerta y emergencia varias de sus programas y dispositivos\u00bb, agreg\u00f3 Silva.<\/p>\n\n\n\n<p>\u201cEstamos trabajando bajo un cronograma de refuerzo en algunas \u00e1reas, como el programa de alimentos, asistiendo en la adecuaci\u00f3n de la nueva forma de implementaci\u00f3n de la tarjeta alimentar y ayudas, en el C.I.C con sus coberturas socio sanitarias, con juventud, y especialmente en ni\u00f1ez, que es un \u00e1rea eje para la gesti\u00f3n de nuestro intendente, como es por todos conocidos\u201d explic\u00f3 la Secretaria de Desarrollo Social que a su vez puso a disposici\u00f3n un numero telef\u00f3nico para recibir mensajes a los vecinos que requieran informaci\u00f3n sobre la Tarjeta Alimentar y programas que se manejan desde el \u00e1rea. <\/p>\n\n\n\n<div class=\"wp-block-image\"><figure class=\"aligncenter size-large\"><img loading=\"lazy\" decoding=\"async\" width=\"768\" height=\"768\" data-attachment-id=\"108242\" data-permalink=\"https:\/\/www.hoymercedes.com.ar\/principal\/2020\/03\/23\/desarrollo-social-refuerza-programas-alimenticios-y-asistenciales\/23-desarrollo-asistencia\/#main\" data-orig-file=\"https:\/\/www.hoymercedes.com.ar\/principal\/wp-content\/uploads\/2020\/03\/23-desarrollo-asistencia.jpg\" data-orig-size=\"768,768\" data-comments-opened=\"0\" data-image-meta=\"{&quot;aperture&quot;:&quot;0&quot;,&quot;credit&quot;:&quot;&quot;,&quot;camera&quot;:&quot;&quot;,&quot;caption&quot;:&quot;&quot;,&quot;created_timestamp&quot;:&quot;0&quot;,&quot;copyright&quot;:&quot;&quot;,&quot;focal_length&quot;:&quot;0&quot;,&quot;iso&quot;:&quot;0&quot;,&quot;shutter_speed&quot;:&quot;0&quot;,&quot;title&quot;:&quot;&quot;,&quot;orientation&quot;:&quot;0&quot;}\" data-image-title=\"23 desarrollo asistencia\" data-image-description=\"\" data-image-caption=\"\" data-large-file=\"https:\/\/www.hoymercedes.com.ar\/principal\/wp-content\/uploads\/2020\/03\/23-desarrollo-asistencia.jpg\" src=\"https:\/\/www.hoymercedes.com.ar\/principal\/wp-content\/uploads\/2020\/03\/23-desarrollo-asistencia.jpg\" alt=\"\" class=\"wp-image-108242\"\/><\/figure><\/div>\n\n\n\n<p><\/p>\n","protected":false},"excerpt":{"rendered":"<p>La Secretar\u00eda de Desarrollo Social, a cargo de Jorgelina Silva, comenz\u00f3 la semana con un operativo de asistencia a los &#8230; <a title=\"Desarrollo Social refuerza programas alimenticios y asistenciales\" class=\"read-more\" href=\"https:\/\/www.hoymercedes.com.ar\/principal\/2020\/03\/23\/desarrollo-social-refuerza-programas-alimenticios-y-asistenciales\/\" aria-label=\"Leer m\u00e1s sobre Desarrollo Social refuerza programas alimenticios y asistenciales\">Leer m\u00e1s<\/a><\/p>\n","protected":false},"author":1,"featured_media":108243,"comment_status":"closed","ping_status":"open","sticky":false,"template":"","format":"standard","meta":{"_monsterinsights_skip_tracking":false,"_monsterinsights_sitenote_active":false,"_monsterinsights_sitenote_note":"","_monsterinsights_sitenote_category":0,"jetpack_post_was_ever_published":false,"_jetpack_newsletter_access":"","_jetpack_dont_email_post_to_subs":false,"_jetpack_newsletter_tier_id":0,"_jetpack_memberships_contains_paywalled_content":false,"_jetpack_memberships_contains_paid_content":false,"footnotes":"","jetpack_publicize_message":"","jetpack_publicize_feature_enabled":true,"jetpack_social_post_already_shared":true,"jetpack_social_options":{"image_generator_settings":{"template":"highway","default_image_id":0,"font":"","enabled":false},"version":2},"_wpas_customize_per_network":false},"categories":[30],"tags":[16373,16175,16313,870,244],"class_list":["post-108241","post","type-post","status-publish","format-standard","has-post-thumbnail","hentry","category-municipio","tag-bolsones-alimentos","tag-coronavirus","tag-covid-19","tag-desarrollo-social","tag-municipio-2","generate-columns","tablet-grid-50","mobile-grid-100","grid-parent","grid-50"],"jetpack_publicize_connections":[],"jetpack_featured_media_url":"https:\/\/www.hoymercedes.com.ar\/principal\/wp-content\/uploads\/2020\/03\/23-desarrollo-bolsones.jpg","wps_subtitle":"Durante el aislamiento obligatorio","jetpack_sharing_enabled":true,"_links":{"self":[{"href":"https:\/\/www.hoymercedes.com.ar\/principal\/wp-json\/wp\/v2\/posts\/108241","targetHints":{"allow":["GET"]}}],"collection":[{"href":"https:\/\/www.hoymercedes.com.ar\/principal\/wp-json\/wp\/v2\/posts"}],"about":[{"href":"https:\/\/www.hoymercedes.com.ar\/principal\/wp-json\/wp\/v2\/types\/post"}],"author":[{"embeddable":true,"href":"https:\/\/www.hoymercedes.com.ar\/principal\/wp-json\/wp\/v2\/users\/1"}],"replies":[{"embeddable":true,"href":"https:\/\/www.hoymercedes.com.ar\/principal\/wp-json\/wp\/v2\/comments?post=108241"}],"version-history":[{"count":0,"href":"https:\/\/www.hoymercedes.com.ar\/principal\/wp-json\/wp\/v2\/posts\/108241\/revisions"}],"wp:featuredmedia":[{"embeddable":true,"href":"https:\/\/www.hoymercedes.com.ar\/principal\/wp-json\/wp\/v2\/media\/108243"}],"wp:attachment":[{"href":"https:\/\/www.hoymercedes.com.ar\/principal\/wp-json\/wp\/v2\/media?parent=108241"}],"wp:term":[{"taxonomy":"category","embeddable":true,"href":"https:\/\/www.hoymercedes.com.ar\/principal\/wp-json\/wp\/v2\/categories?post=108241"},{"taxonomy":"post_tag","embeddable":true,"href":"https:\/\/www.hoymercedes.com.ar\/principal\/wp-json\/wp\/v2\/tags?post=108241"}],"curies":[{"name":"wp","href":"https:\/\/api.w.org\/{rel}","templated":true}]}}