{"id":108248,"date":"2020-03-23T14:45:55","date_gmt":"2020-03-23T17:45:55","guid":{"rendered":"http:\/\/www.hoymercedes.com.ar\/principal\/?p=108248"},"modified":"2020-03-23T15:12:13","modified_gmt":"2020-03-23T18:12:13","slug":"aprendido-tras-persecucion-por-voltear-vallas-y-desobediencia","status":"publish","type":"post","link":"https:\/\/www.hoymercedes.com.ar\/principal\/2020\/03\/23\/aprendido-tras-persecucion-por-voltear-vallas-y-desobediencia\/","title":{"rendered":"Detenido tras persecuci\u00f3n por voltear vallas y desobediencia"},"content":{"rendered":"\n<p>Un vecino de la ciudad sin motivo alguno volte\u00f3 las vallas y per\u00edmetro de seguridad de acceso 34 y ruta 41. La Polic\u00eda apostada en la zona lo advierte e inicia una persecuci\u00f3n que finaliz\u00f3 en calle 13 entre 54 y 56. <\/p>\n\n\n\n<p>En el operativo adem\u00e1s del personal de la Polic\u00eda Comunal cont\u00f3 con la presencia del secretario de seguridad, Gast\u00f3n Arenas y el coordinador del \u00e1rea V\u00edctor Palazzo, quienes confirmaron el hecho.<\/p>\n\n\n\n<p>Se le secuestr\u00f3 la camioneta dado que no ten\u00eda ning\u00fan motivo para pasar por ah\u00ed, narr\u00f3 el doctor Gast\u00f3n Arenas, remarcando que es un acceso cerrado. Tampoco pudo esgrimir motivo para circular por la ciudad. <\/p>\n\n\n\n<p>El veh\u00edculo secuestrado, adem\u00e1s, no ten\u00eda ni seguro ni VTV con lo cual la situaci\u00f3n tiene distintos agravantes.  Fue trasladado a la comisar\u00eda y se le inicia la causa federal correspondiente.<\/p>\n","protected":false},"excerpt":{"rendered":"<p>Un vecino de la ciudad sin motivo alguno volte\u00f3 las vallas y per\u00edmetro de seguridad de acceso 34 y ruta &#8230; <a title=\"Detenido tras persecuci\u00f3n por voltear vallas y desobediencia\" class=\"read-more\" href=\"https:\/\/www.hoymercedes.com.ar\/principal\/2020\/03\/23\/aprendido-tras-persecucion-por-voltear-vallas-y-desobediencia\/\" aria-label=\"Leer m\u00e1s sobre Detenido tras persecuci\u00f3n por voltear vallas y desobediencia\">Leer m\u00e1s<\/a><\/p>\n","protected":false},"author":1,"featured_media":108251,"comment_status":"closed","ping_status":"open","sticky":false,"template":"","format":"standard","meta":{"_monsterinsights_skip_tracking":false,"_monsterinsights_sitenote_active":false,"_monsterinsights_sitenote_note":"","_monsterinsights_sitenote_category":0,"jetpack_post_was_ever_published":false,"_jetpack_newsletter_access":"","_jetpack_dont_email_post_to_subs":false,"_jetpack_newsletter_tier_id":0,"_jetpack_memberships_contains_paywalled_content":false,"_jetpack_memberships_contains_paid_content":false,"footnotes":"","jetpack_publicize_message":"","jetpack_publicize_feature_enabled":true,"jetpack_social_post_already_shared":true,"jetpack_social_options":{"image_generator_settings":{"template":"highway","default_image_id":0,"font":"","enabled":false},"version":2},"_wpas_customize_per_network":false},"categories":[30],"tags":[16175,16313,215,244,96],"class_list":["post-108248","post","type-post","status-publish","format-standard","has-post-thumbnail","hentry","category-municipio","tag-coronavirus","tag-covid-19","tag-detenciones","tag-municipio-2","tag-policial-2","generate-columns","tablet-grid-50","mobile-grid-100","grid-parent","grid-50"],"jetpack_publicize_connections":[],"jetpack_featured_media_url":"https:\/\/www.hoymercedes.com.ar\/principal\/wp-content\/uploads\/2020\/03\/23-vallas-1.jpg","wps_subtitle":"Informaci\u00f3n municipal \u2013 aislamiento social","jetpack_sharing_enabled":true,"_links":{"self":[{"href":"https:\/\/www.hoymercedes.com.ar\/principal\/wp-json\/wp\/v2\/posts\/108248","targetHints":{"allow":["GET"]}}],"collection":[{"href":"https:\/\/www.hoymercedes.com.ar\/principal\/wp-json\/wp\/v2\/posts"}],"about":[{"href":"https:\/\/www.hoymercedes.com.ar\/principal\/wp-json\/wp\/v2\/types\/post"}],"author":[{"embeddable":true,"href":"https:\/\/www.hoymercedes.com.ar\/principal\/wp-json\/wp\/v2\/users\/1"}],"replies":[{"embeddable":true,"href":"https:\/\/www.hoymercedes.com.ar\/principal\/wp-json\/wp\/v2\/comments?post=108248"}],"version-history":[{"count":0,"href":"https:\/\/www.hoymercedes.com.ar\/principal\/wp-json\/wp\/v2\/posts\/108248\/revisions"}],"wp:featuredmedia":[{"embeddable":true,"href":"https:\/\/www.hoymercedes.com.ar\/principal\/wp-json\/wp\/v2\/media\/108251"}],"wp:attachment":[{"href":"https:\/\/www.hoymercedes.com.ar\/principal\/wp-json\/wp\/v2\/media?parent=108248"}],"wp:term":[{"taxonomy":"category","embeddable":true,"href":"https:\/\/www.hoymercedes.com.ar\/principal\/wp-json\/wp\/v2\/categories?post=108248"},{"taxonomy":"post_tag","embeddable":true,"href":"https:\/\/www.hoymercedes.com.ar\/principal\/wp-json\/wp\/v2\/tags?post=108248"}],"curies":[{"name":"wp","href":"https:\/\/api.w.org\/{rel}","templated":true}]}}