{"id":108278,"date":"2020-03-23T18:10:00","date_gmt":"2020-03-23T21:10:00","guid":{"rendered":"http:\/\/www.hoymercedes.com.ar\/principal\/?p=108278"},"modified":"2020-03-23T18:38:01","modified_gmt":"2020-03-23T21:38:01","slug":"iglesia-catedral-posterga-el-cobro-de-la-cuota-del-bono-colaboracion","status":"publish","type":"post","link":"https:\/\/www.hoymercedes.com.ar\/principal\/2020\/03\/23\/iglesia-catedral-posterga-el-cobro-de-la-cuota-del-bono-colaboracion\/","title":{"rendered":"Iglesia Catedral posterga el cobro de la cuota del bono colaboraci\u00f3n"},"content":{"rendered":"\n<p>A trav\u00e9s de una comunicaci\u00f3n enviada por el P\u00e1rroco Juan Carlos Bouzou de la  Comisi\u00f3n Iglesia Catedral Metropolitana Bas\u00edlica \u201cNuestra Se\u00f1ora de la Mercedes\u201d, se inform\u00f3 que el cobro de la cuota de la rifa o bono contribuci\u00f3n lanzado el a\u00f1o pasado para la refacci\u00f3n del templo de calle 24, se ver\u00e1 postergado hasta finalizar el per\u00edodo de aislamiento social preventivo. <\/p>\n\n\n\n<p>El comunicado expresa: <\/p>\n\n\n\n<p>\u00abLa Comisi\u00f3n de la Iglesia Catedral Metropolitana Bas\u00edlica \u201cNuestra Se\u00f1ora de las Mercedes\u201d, hace saber por este medio a todos los adquirentes de la RIFA actualmente en circulaci\u00f3n de sus cuotas y COBRANZAS domiciliarias, que las mismas ser\u00e1n SUSPENDIDAS hasta tanto finalice el periodo de Aislamiento Social Preventivo y Obligatorio Decretado por el Gobierno Nacional debido a la Pandemia de Corona Virus y la Emergencia Sanitaria. Por lo tanto, nuestros Cobradores Autorizados con sus respectivas credenciales, NO PASAR\u00c1N a percibir el cobro de ninguna cuota por los domicilios o lugares habilitados para el cobro. Queda aclarado que cualquier pago que se realice durante este tiempo no ser\u00e1 reconocido como tal. Asimismo, y para tranquilidad de todos los que colaboraran, daremos la debida Publicidad al momento de retomar el cobro de las cuotas. Muchas gracias por la colaboraci\u00f3n y comprensi\u00f3n\u00bb. <\/p>\n\n\n\n<div class=\"wp-block-image\"><figure class=\"aligncenter size-large\"><img loading=\"lazy\" decoding=\"async\" width=\"600\" height=\"800\" data-attachment-id=\"108279\" data-permalink=\"https:\/\/www.hoymercedes.com.ar\/principal\/2020\/03\/23\/iglesia-catedral-posterga-el-cobro-de-la-cuota-del-bono-colaboracion\/23-catedral-rifa\/#main\" data-orig-file=\"https:\/\/www.hoymercedes.com.ar\/principal\/wp-content\/uploads\/2020\/03\/23-catedral-rifa.jpg\" data-orig-size=\"600,800\" data-comments-opened=\"0\" data-image-meta=\"{&quot;aperture&quot;:&quot;0&quot;,&quot;credit&quot;:&quot;&quot;,&quot;camera&quot;:&quot;&quot;,&quot;caption&quot;:&quot;&quot;,&quot;created_timestamp&quot;:&quot;0&quot;,&quot;copyright&quot;:&quot;&quot;,&quot;focal_length&quot;:&quot;0&quot;,&quot;iso&quot;:&quot;0&quot;,&quot;shutter_speed&quot;:&quot;0&quot;,&quot;title&quot;:&quot;&quot;,&quot;orientation&quot;:&quot;0&quot;}\" data-image-title=\"23 catedral rifa\" data-image-description=\"\" data-image-caption=\"\" data-large-file=\"https:\/\/www.hoymercedes.com.ar\/principal\/wp-content\/uploads\/2020\/03\/23-catedral-rifa.jpg\" src=\"https:\/\/www.hoymercedes.com.ar\/principal\/wp-content\/uploads\/2020\/03\/23-catedral-rifa.jpg\" alt=\"\" class=\"wp-image-108279\"\/><\/figure><\/div>\n","protected":false},"excerpt":{"rendered":"<p>A trav\u00e9s de una comunicaci\u00f3n enviada por el P\u00e1rroco Juan Carlos Bouzou de la Comisi\u00f3n Iglesia Catedral Metropolitana Bas\u00edlica \u201cNuestra &#8230; <a title=\"Iglesia Catedral posterga el cobro de la cuota del bono colaboraci\u00f3n\" class=\"read-more\" href=\"https:\/\/www.hoymercedes.com.ar\/principal\/2020\/03\/23\/iglesia-catedral-posterga-el-cobro-de-la-cuota-del-bono-colaboracion\/\" aria-label=\"Leer m\u00e1s sobre Iglesia Catedral posterga el cobro de la cuota del bono colaboraci\u00f3n\">Leer m\u00e1s<\/a><\/p>\n","protected":false},"author":1,"featured_media":108279,"comment_status":"closed","ping_status":"open","sticky":false,"template":"","format":"standard","meta":{"_monsterinsights_skip_tracking":false,"_monsterinsights_sitenote_active":false,"_monsterinsights_sitenote_note":"","_monsterinsights_sitenote_category":0,"jetpack_post_was_ever_published":false,"_jetpack_newsletter_access":"","_jetpack_dont_email_post_to_subs":false,"_jetpack_newsletter_tier_id":0,"_jetpack_memberships_contains_paywalled_content":false,"_jetpack_memberships_contains_paid_content":false,"footnotes":"","jetpack_publicize_message":"","jetpack_publicize_feature_enabled":true,"jetpack_social_post_already_shared":true,"jetpack_social_options":{"image_generator_settings":{"template":"highway","default_image_id":0,"font":"","enabled":false},"version":2},"_wpas_customize_per_network":false},"categories":[8],"tags":[8624,1590],"class_list":["post-108278","post","type-post","status-publish","format-standard","has-post-thumbnail","hentry","category-sociedad","tag-bono-contribucion","tag-iglesia-catedral","generate-columns","tablet-grid-50","mobile-grid-100","grid-parent","grid-50"],"jetpack_publicize_connections":[],"jetpack_featured_media_url":"https:\/\/www.hoymercedes.com.ar\/principal\/wp-content\/uploads\/2020\/03\/23-catedral-rifa.jpg","wps_subtitle":"Informaci\u00f3n a todos sus colaboradores","jetpack_sharing_enabled":true,"_links":{"self":[{"href":"https:\/\/www.hoymercedes.com.ar\/principal\/wp-json\/wp\/v2\/posts\/108278","targetHints":{"allow":["GET"]}}],"collection":[{"href":"https:\/\/www.hoymercedes.com.ar\/principal\/wp-json\/wp\/v2\/posts"}],"about":[{"href":"https:\/\/www.hoymercedes.com.ar\/principal\/wp-json\/wp\/v2\/types\/post"}],"author":[{"embeddable":true,"href":"https:\/\/www.hoymercedes.com.ar\/principal\/wp-json\/wp\/v2\/users\/1"}],"replies":[{"embeddable":true,"href":"https:\/\/www.hoymercedes.com.ar\/principal\/wp-json\/wp\/v2\/comments?post=108278"}],"version-history":[{"count":0,"href":"https:\/\/www.hoymercedes.com.ar\/principal\/wp-json\/wp\/v2\/posts\/108278\/revisions"}],"wp:featuredmedia":[{"embeddable":true,"href":"https:\/\/www.hoymercedes.com.ar\/principal\/wp-json\/wp\/v2\/media\/108279"}],"wp:attachment":[{"href":"https:\/\/www.hoymercedes.com.ar\/principal\/wp-json\/wp\/v2\/media?parent=108278"}],"wp:term":[{"taxonomy":"category","embeddable":true,"href":"https:\/\/www.hoymercedes.com.ar\/principal\/wp-json\/wp\/v2\/categories?post=108278"},{"taxonomy":"post_tag","embeddable":true,"href":"https:\/\/www.hoymercedes.com.ar\/principal\/wp-json\/wp\/v2\/tags?post=108278"}],"curies":[{"name":"wp","href":"https:\/\/api.w.org\/{rel}","templated":true}]}}