{"id":108297,"date":"2020-03-23T22:45:19","date_gmt":"2020-03-24T01:45:19","guid":{"rendered":"http:\/\/www.hoymercedes.com.ar\/principal\/?p=108297"},"modified":"2020-03-24T13:34:05","modified_gmt":"2020-03-24T16:34:05","slug":"coronavirus-medidas-economicas-a-nivel-nacional-ante-la-emergencia-sanitaria","status":"publish","type":"post","link":"https:\/\/www.hoymercedes.com.ar\/principal\/2020\/03\/23\/coronavirus-medidas-economicas-a-nivel-nacional-ante-la-emergencia-sanitaria\/","title":{"rendered":"Coronavirus: Medidas econ\u00f3micas a nivel nacional ante la emergencia sanitaria"},"content":{"rendered":"\n<p> Los ministros de Econom\u00eda, Mart\u00edn Guzm\u00e1n, y de Trabajo, Claudio Moroni, anunciaron nuevas medidas econ\u00f3micas destinadas a aquellos segmentos de la poblaci\u00f3n cuyos ingresos se ver\u00e1n m\u00e1s afectados por la emergencia declarada ante la pandemia del COVID-19. <\/p>\n\n\n\n<figure class=\"wp-block-image size-large\"><img loading=\"lazy\" decoding=\"async\" width=\"750\" height=\"506\" data-attachment-id=\"108304\" data-permalink=\"https:\/\/www.hoymercedes.com.ar\/principal\/2020\/03\/23\/coronavirus-medidas-economicas-a-nivel-nacional-ante-la-emergencia-sanitaria\/23-guzman-moroni-750x506\/#main\" data-orig-file=\"https:\/\/www.hoymercedes.com.ar\/principal\/wp-content\/uploads\/2020\/03\/23-Guzm\u00e1n-Moroni-750x506-1.jpg\" data-orig-size=\"750,506\" data-comments-opened=\"0\" data-image-meta=\"{&quot;aperture&quot;:&quot;0&quot;,&quot;credit&quot;:&quot;&quot;,&quot;camera&quot;:&quot;&quot;,&quot;caption&quot;:&quot;&quot;,&quot;created_timestamp&quot;:&quot;0&quot;,&quot;copyright&quot;:&quot;&quot;,&quot;focal_length&quot;:&quot;0&quot;,&quot;iso&quot;:&quot;0&quot;,&quot;shutter_speed&quot;:&quot;0&quot;,&quot;title&quot;:&quot;&quot;,&quot;orientation&quot;:&quot;0&quot;}\" data-image-title=\"23 Guzm\u00e1n-Moroni-750&amp;#215;506\" data-image-description=\"\" data-image-caption=\"\" data-large-file=\"https:\/\/www.hoymercedes.com.ar\/principal\/wp-content\/uploads\/2020\/03\/23-Guzm\u00e1n-Moroni-750x506-1.jpg\" src=\"https:\/\/www.hoymercedes.com.ar\/principal\/wp-content\/uploads\/2020\/03\/23-Guzm\u00e1n-Moroni-750x506-1.jpg\" alt=\"\" class=\"wp-image-108304\"\/><\/figure>\n\n\n\n<p>As\u00ed, se establece el&nbsp;<strong>Ingreso Familiar de Emergencia (IFE)<\/strong>&nbsp;para los trabajadores informales y monotributistas, de entre 18 y 65 a\u00f1os, con mayor grado de vulnerabilidad, quienes a mediados de abril cobrar\u00e1n $10.000 por \u00fanica vez, aunque podr\u00eda repetirse en mayo si las circunstancias lo ameritan.<\/p>\n\n\n\n<p>El IFE se suma al paquete de medidas ya dispuestas que alcanzan a trabajadores formales de sectores cr\u00edticos, informales, monotributistas, jubilados, pensionados, beneficiarios de asignaciones y empresas.<\/p>\n\n\n\n<p><strong>Medidas anunciado para paliar el impacto de la emergencia:<\/strong><\/p>\n\n\n\n<p><strong>Pago extra de la AUH y AUE<\/strong><br>Monto del bono: $3.103<br>Universo: todos los perceptores de AUH y AUE<br>Beneficios: 4,35 millones<br>Implementaci\u00f3n: autom\u00e1tica<\/p>\n\n\n\n<p><strong>Bono para jubilados y pensionados<\/strong><br>Monto del bono: $3.000<br>Universo: Para los que reciben un \u00fanico haber m\u00ednimo<br>Beneficios: 4,65 millones de perceptores<br>Implementaci\u00f3n: autom\u00e1tica<\/p>\n\n\n\n<p><strong>Bono para perceptores de planes sociales<\/strong><br>Monto del bono: $3.000<br>Universo: 556 mil personas que cobran la mitad del salario m\u00ednimo.<br>Beneficios: 556 mil<br>Implementaci\u00f3n: autom\u00e1tica<\/p>\n\n\n\n<p><strong>IFE Ingreso Familiar de Emergencia (IFE)<\/strong><br>Monto: $10.000 (en abril, con posibilidad de pr\u00f3rroga en mayo)<br>Universo: monotributistas (categor\u00edas A y B), monotributistas sociales, trabajadores informales, beneficiarios de Asignaci\u00f3n Universal por Hijo o Embarazo o PROGRESAR. Beneficios: 3,6 millones de hogares<br>El monto del IFE es de $10.000 y se realiza por una \u00fanica vez en el mes de abril, aunque se podr\u00e1 repetir durante el mes de mayo si las circunstancias lo ameritan.<br>La fecha de pago ser\u00e1 a mediados de abril.<br>Para las personas que no cuentan con CBU, el Banco Naci\u00f3n va a proveer de mecanismos simples y accesibles cuidando que no haga falta el traslado de personas.<\/p>\n\n\n\n<p>El titular de la cartera laboral precis\u00f3 que los potenciales titulares del IFE deber\u00e1n solicitar el beneficio mediante los mecanismos previstos por ANSES, los primeros d\u00edas de abril, que se encargar\u00e1 de verificar el cumplimiento de los requisitos establecidos en la normativa y posteriormente acreditar\u00e1 la percepci\u00f3n. \u201cSe trata de una ayuda extraordinaria para aquellas familias cuyo \u00fanico ingreso estaba vinculado a este trabajador independiente\u201d que hoy se ve imposibilitado de salir a trabajar, explic\u00f3 Moroni.<\/p>\n","protected":false},"excerpt":{"rendered":"<p>Los ministros de Econom\u00eda, Mart\u00edn Guzm\u00e1n, y de Trabajo, Claudio Moroni, anunciaron nuevas medidas econ\u00f3micas destinadas a aquellos segmentos de &#8230; <a title=\"Coronavirus: Medidas econ\u00f3micas a nivel nacional ante la emergencia sanitaria\" class=\"read-more\" href=\"https:\/\/www.hoymercedes.com.ar\/principal\/2020\/03\/23\/coronavirus-medidas-economicas-a-nivel-nacional-ante-la-emergencia-sanitaria\/\" aria-label=\"Leer m\u00e1s sobre Coronavirus: Medidas econ\u00f3micas a nivel nacional ante la emergencia sanitaria\">Leer m\u00e1s<\/a><\/p>\n","protected":false},"author":1,"featured_media":108304,"comment_status":"closed","ping_status":"open","sticky":false,"template":"","format":"standard","meta":{"_monsterinsights_skip_tracking":false,"_monsterinsights_sitenote_active":false,"_monsterinsights_sitenote_note":"","_monsterinsights_sitenote_category":0,"jetpack_post_was_ever_published":false,"_jetpack_newsletter_access":"","_jetpack_dont_email_post_to_subs":false,"_jetpack_newsletter_tier_id":0,"_jetpack_memberships_contains_paywalled_content":false,"_jetpack_memberships_contains_paid_content":false,"footnotes":"","jetpack_publicize_message":"","jetpack_publicize_feature_enabled":true,"jetpack_social_post_already_shared":true,"jetpack_social_options":{"image_generator_settings":{"template":"highway","default_image_id":0,"font":"","enabled":false},"version":2},"_wpas_customize_per_network":false},"categories":[5210],"tags":[16175,14928],"class_list":["post-108297","post","type-post","status-publish","format-standard","has-post-thumbnail","hentry","category-politica-nacional","tag-coronavirus","tag-medidas-economicas","generate-columns","tablet-grid-50","mobile-grid-100","grid-parent","grid-50"],"jetpack_publicize_connections":[],"jetpack_featured_media_url":"https:\/\/www.hoymercedes.com.ar\/principal\/wp-content\/uploads\/2020\/03\/23-Guzm\u00e1n-Moroni-750x506-1.jpg","wps_subtitle":"Econom\u00eda nacional","jetpack_sharing_enabled":true,"_links":{"self":[{"href":"https:\/\/www.hoymercedes.com.ar\/principal\/wp-json\/wp\/v2\/posts\/108297","targetHints":{"allow":["GET"]}}],"collection":[{"href":"https:\/\/www.hoymercedes.com.ar\/principal\/wp-json\/wp\/v2\/posts"}],"about":[{"href":"https:\/\/www.hoymercedes.com.ar\/principal\/wp-json\/wp\/v2\/types\/post"}],"author":[{"embeddable":true,"href":"https:\/\/www.hoymercedes.com.ar\/principal\/wp-json\/wp\/v2\/users\/1"}],"replies":[{"embeddable":true,"href":"https:\/\/www.hoymercedes.com.ar\/principal\/wp-json\/wp\/v2\/comments?post=108297"}],"version-history":[{"count":0,"href":"https:\/\/www.hoymercedes.com.ar\/principal\/wp-json\/wp\/v2\/posts\/108297\/revisions"}],"wp:featuredmedia":[{"embeddable":true,"href":"https:\/\/www.hoymercedes.com.ar\/principal\/wp-json\/wp\/v2\/media\/108304"}],"wp:attachment":[{"href":"https:\/\/www.hoymercedes.com.ar\/principal\/wp-json\/wp\/v2\/media?parent=108297"}],"wp:term":[{"taxonomy":"category","embeddable":true,"href":"https:\/\/www.hoymercedes.com.ar\/principal\/wp-json\/wp\/v2\/categories?post=108297"},{"taxonomy":"post_tag","embeddable":true,"href":"https:\/\/www.hoymercedes.com.ar\/principal\/wp-json\/wp\/v2\/tags?post=108297"}],"curies":[{"name":"wp","href":"https:\/\/api.w.org\/{rel}","templated":true}]}}