{"id":10830,"date":"2012-02-11T16:07:35","date_gmt":"2012-02-11T16:07:35","guid":{"rendered":"http:\/\/www.hoymercedes.com.ar\/principal\/?p=10830"},"modified":"2012-02-11T16:06:38","modified_gmt":"2012-02-11T16:06:38","slug":"partidos-durante-el-fin-de-semana","status":"publish","type":"post","link":"https:\/\/www.hoymercedes.com.ar\/principal\/2012\/02\/11\/partidos-durante-el-fin-de-semana\/","title":{"rendered":"Partidos durante el fin de Semana"},"content":{"rendered":"<p>Visitaron a nuestra ciudad el Director T\u00e9cnico de la Selecci\u00f3n Argentina de Amputados Marcelo Here\u00f1\u00fa, el Presidente y Capit\u00e1n de la Selecci\u00f3n Hugo Here\u00f1\u00fa y el Dami\u00e1n Defelipe, arquero de la Selecci\u00f3n, entre otros.<\/p>\n<p>El fin de semana se estar\u00e1n jugando 2 partidos y Mercedes volver\u00e1 a ser sede del deporte. Los mismos se realizar\u00e1n en el predio del Ex Instituto Mart\u00edn Rodr\u00edguez.<\/p>\n<p>El s\u00e1bado a partir de las 19.00hs se jugar\u00e1 contra el equipo del deportista Fernando Moner y el Domingo a las 10.00hs se enfrentar\u00e1 a un equipo integrado por amigos de Dami\u00e1n Defelipe ( \u00fanico mercedino del equipo y arquero de la Selecci\u00f3n)<\/p>\n<p>El evento est\u00e1 abierto al p\u00fablico en forma totalmente Gratuita.<\/p>\n<p><span style=\"color: #888888;\">Fuente: MM<\/span><\/p>\n","protected":false},"excerpt":{"rendered":"<p>Visitaron a nuestra ciudad el Director T\u00e9cnico de la Selecci\u00f3n Argentina de Amputados Marcelo Here\u00f1\u00fa, el Presidente y Capit\u00e1n de &#8230; <a title=\"Partidos durante el fin de Semana\" class=\"read-more\" href=\"https:\/\/www.hoymercedes.com.ar\/principal\/2012\/02\/11\/partidos-durante-el-fin-de-semana\/\" aria-label=\"Leer m\u00e1s sobre Partidos durante el fin de Semana\">Leer m\u00e1s<\/a><\/p>\n","protected":false},"author":1,"featured_media":0,"comment_status":"open","ping_status":"open","sticky":false,"template":"","format":"standard","meta":{"_monsterinsights_skip_tracking":false,"_monsterinsights_sitenote_active":false,"_monsterinsights_sitenote_note":"","_monsterinsights_sitenote_category":0,"jetpack_post_was_ever_published":false,"_jetpack_newsletter_access":"","_jetpack_dont_email_post_to_subs":false,"_jetpack_newsletter_tier_id":0,"_jetpack_memberships_contains_paywalled_content":false,"_jetpack_memberships_contains_paid_content":false,"footnotes":"","jetpack_publicize_message":"","jetpack_publicize_feature_enabled":true,"jetpack_social_post_already_shared":false,"jetpack_social_options":{"image_generator_settings":{"template":"highway","default_image_id":0,"font":"","enabled":false},"version":2},"_wpas_customize_per_network":false},"categories":[21],"tags":[1854],"class_list":["post-10830","post","type-post","status-publish","format-standard","hentry","category-deportes","tag-seleccion-argentina-de-amputados","generate-columns","tablet-grid-50","mobile-grid-100","grid-parent","grid-50"],"jetpack_publicize_connections":[],"jetpack_featured_media_url":"","wps_subtitle":"","jetpack_sharing_enabled":true,"_links":{"self":[{"href":"https:\/\/www.hoymercedes.com.ar\/principal\/wp-json\/wp\/v2\/posts\/10830","targetHints":{"allow":["GET"]}}],"collection":[{"href":"https:\/\/www.hoymercedes.com.ar\/principal\/wp-json\/wp\/v2\/posts"}],"about":[{"href":"https:\/\/www.hoymercedes.com.ar\/principal\/wp-json\/wp\/v2\/types\/post"}],"author":[{"embeddable":true,"href":"https:\/\/www.hoymercedes.com.ar\/principal\/wp-json\/wp\/v2\/users\/1"}],"replies":[{"embeddable":true,"href":"https:\/\/www.hoymercedes.com.ar\/principal\/wp-json\/wp\/v2\/comments?post=10830"}],"version-history":[{"count":0,"href":"https:\/\/www.hoymercedes.com.ar\/principal\/wp-json\/wp\/v2\/posts\/10830\/revisions"}],"wp:attachment":[{"href":"https:\/\/www.hoymercedes.com.ar\/principal\/wp-json\/wp\/v2\/media?parent=10830"}],"wp:term":[{"taxonomy":"category","embeddable":true,"href":"https:\/\/www.hoymercedes.com.ar\/principal\/wp-json\/wp\/v2\/categories?post=10830"},{"taxonomy":"post_tag","embeddable":true,"href":"https:\/\/www.hoymercedes.com.ar\/principal\/wp-json\/wp\/v2\/tags?post=10830"}],"curies":[{"name":"wp","href":"https:\/\/api.w.org\/{rel}","templated":true}]}}