{"id":108339,"date":"2020-03-24T19:20:00","date_gmt":"2020-03-24T22:20:00","guid":{"rendered":"http:\/\/www.hoymercedes.com.ar\/principal\/?p=108339"},"modified":"2020-03-24T19:06:32","modified_gmt":"2020-03-24T22:06:32","slug":"autorizan-a-familiares-de-privados-de-libertad-a-llevarles-alimentos-y-medicamentos-en-carceles-y-alcaidias-bonaerenses","status":"publish","type":"post","link":"https:\/\/www.hoymercedes.com.ar\/principal\/2020\/03\/24\/autorizan-a-familiares-de-privados-de-libertad-a-llevarles-alimentos-y-medicamentos-en-carceles-y-alcaidias-bonaerenses\/","title":{"rendered":"Autorizan a familiares de privados de libertad a llevarles alimentos y medicamentos en c\u00e1rceles y alcaid\u00edas bonaerenses"},"content":{"rendered":"\n<p>El Ministerio de Justicia y Derechos Humanos de la Provincia decidi\u00f3 autorizar a los familiares de los privados de libertad que lo soliciten a llevar mercader\u00edas a las Unidades Penitenciarias y Alcaid\u00edas Departamentales bonaerenses.<\/p>\n\n\n\n<figure class=\"wp-block-image size-large\"><img loading=\"lazy\" decoding=\"async\" width=\"800\" height=\"534\" data-attachment-id=\"108340\" data-permalink=\"https:\/\/www.hoymercedes.com.ar\/principal\/2020\/03\/24\/autorizan-a-familiares-de-privados-de-libertad-a-llevarles-alimentos-y-medicamentos-en-carceles-y-alcaidias-bonaerenses\/24-carcel-bonae\/#main\" data-orig-file=\"https:\/\/www.hoymercedes.com.ar\/principal\/wp-content\/uploads\/2020\/03\/24-carcel-bonae.jpg\" data-orig-size=\"800,534\" data-comments-opened=\"0\" data-image-meta=\"{&quot;aperture&quot;:&quot;0&quot;,&quot;credit&quot;:&quot;&quot;,&quot;camera&quot;:&quot;&quot;,&quot;caption&quot;:&quot;&quot;,&quot;created_timestamp&quot;:&quot;0&quot;,&quot;copyright&quot;:&quot;&quot;,&quot;focal_length&quot;:&quot;0&quot;,&quot;iso&quot;:&quot;0&quot;,&quot;shutter_speed&quot;:&quot;0&quot;,&quot;title&quot;:&quot;&quot;,&quot;orientation&quot;:&quot;0&quot;}\" data-image-title=\"24 carcel bonae\" data-image-description=\"\" data-image-caption=\"\" data-large-file=\"https:\/\/www.hoymercedes.com.ar\/principal\/wp-content\/uploads\/2020\/03\/24-carcel-bonae.jpg\" src=\"https:\/\/www.hoymercedes.com.ar\/principal\/wp-content\/uploads\/2020\/03\/24-carcel-bonae.jpg\" alt=\"\" class=\"wp-image-108340\"\/><\/figure>\n\n\n\n<p>La decisi\u00f3n fue tomada este martes por el ministro de Justicia y Derechos Humanos bonaerense, Julio Alak , y permite circular hacia los penales a los familiares de los detenidos para llevar alientos y\/o medicamentos.<\/p>\n\n\n\n<p>La medida contempla la emisi\u00f3n de una acreditaci\u00f3n desde el sistema penitenciario en la que se indica el v\u00ednculo entre el familiar con el interno y\u00a0 autoriza la circulaci\u00f3n.<\/p>\n\n\n\n<p>Alak autoriz\u00f3 tambi\u00e9n, dentro de las excepciones del decreto 297\/2020, que estableci\u00f3 el aislamiento social obligatorio, la continuidad del servicio privado de encomiendas utilizado por familiares de presos alojados en c\u00e1rceles del interior de la Provincia.<\/p>\n\n\n\n<p>Esta decisi\u00f3n de permitir el env\u00edo de alimentos de los familiares ayudar\u00e1 a llevar tranquilidad a los detenidos. Se trata de alimentos complementarios de las cuatro comidas que da el SPB. En las viandas que entregan los familiares, generalmente, hay yerba, az\u00facar, golosinas y otros art\u00edculos de higiene personal.<\/p>\n\n\n\n<p>Cabe destacar que ni bien se supo del avance de la pandemia del Coronavirus se impulsaron mesas de di\u00e1logo en todas las dependencias carcelarias de la provincia de Buenos Aires en la que participaron las autoridades penitenciarias y referentes de los pabellones, donde prim\u00f3 el entendimiento, y, por voluntad propia los privados de libertad resolvieron notificar mediante actas a sus familiares de la suspensi\u00f3n de las visitas para evitar contagios, con la posibilidad de que pudieran dejar mercader\u00edas para ellos.<\/p>\n\n\n\n<p>El permiso de tr\u00e1nsito excepcional\u00a0 al Decreto 297\/2020 es emitido por el Servicio Penitenciario Bonaerense, en el que se autoriza a una persona explicitando su nombre y DNI a concurrir\u00a0 desde su domicilio\u00a0 (se especificar\u00e1 la direcci\u00f3n) hasta el asiento de la dependencia carcelaria (tambi\u00e9n se detallar\u00e1 la direcci\u00f3n), y se se\u00f1alar\u00e1 el nombre del interno y el n\u00famero de ficha criminol\u00f3gica.<\/p>\n\n\n\n<p>En la autorizaci\u00f3n se aclara que la circulaci\u00f3n p\u00fablica es para ministrar elementos de higiene personal, elementos de limpieza y\/o alimentos perecederos al detenido. <\/p>\n\n\n\n<p>El permiso es de car\u00e1cter intransferible y la persona portadora deber\u00e1 acreditar\u00a0 identidad al momento de presentarlo.<\/p>\n\n\n\n<p>Ser\u00e1 pasible de sanciones penales la persona que realice un uso indebido de esta autorizaci\u00f3n.<\/p>\n\n\n\n<p><strong>Prtotocolo de salud<\/strong><br>En tanto, desde el 14 de marzo \u00faltimo, entr\u00f3 en vigencia el protocolo de contingencia elaborado por las autoridades de la Direcci\u00f3n Provincial de Salud Penitenciaria, el que establece su aplicaci\u00f3n en las dependencias carcelarias. Entre los puntos del plan se destacan:<\/p>\n\n\n\n<p>-Control cl\u00ednico a los pacientes diab\u00e9ticos; con patolog\u00edas respiratorias (asma, tuberculosis); con enfermedad cardiovascular; especialmente HTA; con insuficiencia renal cr\u00f3nica; mayores de 65 a\u00f1os.<br>-Instruir a la poblaci\u00f3n que se desempe\u00f1a en el \u00e1mbito del SPB sobre c\u00f3mo lavarse las manos; higiene de tos: estornudar o toser sobre el pliegue del codo; uso de alcohol en gel.<br>-Ventilar ambientes y desinfectar las superficies con hipoclorito de sodio (1:50 o 50 gr\/litro).<br>-Restringir los traslados al m\u00ednimo indispensable (urgencias). De hacerlo, con elementos de bioseguridad (guantes, barbijo, camisol\u00edn, protecci\u00f3n de ojos o m\u00e1scara facial para casos puntuales). Aislamiento de contacto y de transmisi\u00f3n por gota.<\/p>\n\n\n\n<p>El plan establece que ante un caso sospechoso, esto es,\u00a0 toda persona que presente fiebre y alguno de los siguientes s\u00edntomas respiratorios (tos, dolor de garganta, dificultad para respirar) sin otra etiolog\u00eda que explique el cuadro, se proceder\u00e1 al aislamiento en celda\/habitaci\u00f3n individual, con puerta cerrada y ventilaci\u00f3n ( se puede aislar dos o m\u00e1s pacientes en una misma habitaci\u00f3n respetando normas de aislamiento de contacto y de transmisi\u00f3n por gota, con camas separadas como m\u00ednimo por un metro).<\/p>\n\n\n\n<p>Adem\u00e1s, se\u00a0 colocar\u00e1 barbijo quir\u00fargico al paciente que deba trasladarse fuera del \u00e1mbito de aislamiento. Y este aislamiento se debe mantener hasta descartar COVID-19 o hasta que cesen los s\u00edntomas.<\/p>\n\n\n\n<p>En tanto, en el caso imperioso de realizar traslados en m\u00f3vil, deber\u00e1 colocarse barbijo al paciente y equipo completo de aislamiento de contacto al personal penitenciario. <\/p>\n\n\n\n<p>Fuente: Prensa U5<\/p>\n","protected":false},"excerpt":{"rendered":"<p>El Ministerio de Justicia y Derechos Humanos de la Provincia decidi\u00f3 autorizar a los familiares de los privados de libertad &#8230; <a title=\"Autorizan a familiares de privados de libertad a llevarles alimentos y medicamentos en c\u00e1rceles y alcaid\u00edas bonaerenses\" class=\"read-more\" href=\"https:\/\/www.hoymercedes.com.ar\/principal\/2020\/03\/24\/autorizan-a-familiares-de-privados-de-libertad-a-llevarles-alimentos-y-medicamentos-en-carceles-y-alcaidias-bonaerenses\/\" aria-label=\"Leer m\u00e1s sobre Autorizan a familiares de privados de libertad a llevarles alimentos y medicamentos en c\u00e1rceles y alcaid\u00edas bonaerenses\">Leer m\u00e1s<\/a><\/p>\n","protected":false},"author":1,"featured_media":108340,"comment_status":"closed","ping_status":"open","sticky":false,"template":"","format":"standard","meta":{"_monsterinsights_skip_tracking":false,"_monsterinsights_sitenote_active":false,"_monsterinsights_sitenote_note":"","_monsterinsights_sitenote_category":0,"jetpack_post_was_ever_published":false,"_jetpack_newsletter_access":"","_jetpack_dont_email_post_to_subs":false,"_jetpack_newsletter_tier_id":0,"_jetpack_memberships_contains_paywalled_content":false,"_jetpack_memberships_contains_paid_content":false,"footnotes":"","jetpack_publicize_message":"","jetpack_publicize_feature_enabled":true,"jetpack_social_post_already_shared":true,"jetpack_social_options":{"image_generator_settings":{"template":"highway","default_image_id":0,"font":"","enabled":false},"version":2},"_wpas_customize_per_network":false},"categories":[8881],"tags":[6554,16175,16313,10114,14813],"class_list":["post-108339","post","type-post","status-publish","format-standard","has-post-thumbnail","hentry","category-provincia","tag-carceles","tag-coronavirus","tag-covid-19","tag-servicio-penitenciario","tag-unidad-penitenciaria","generate-columns","tablet-grid-50","mobile-grid-100","grid-parent","grid-50"],"jetpack_publicize_connections":[],"jetpack_featured_media_url":"https:\/\/www.hoymercedes.com.ar\/principal\/wp-content\/uploads\/2020\/03\/24-carcel-bonae.jpg","wps_subtitle":"Acuerdo con los presos de la provincia","jetpack_sharing_enabled":true,"_links":{"self":[{"href":"https:\/\/www.hoymercedes.com.ar\/principal\/wp-json\/wp\/v2\/posts\/108339","targetHints":{"allow":["GET"]}}],"collection":[{"href":"https:\/\/www.hoymercedes.com.ar\/principal\/wp-json\/wp\/v2\/posts"}],"about":[{"href":"https:\/\/www.hoymercedes.com.ar\/principal\/wp-json\/wp\/v2\/types\/post"}],"author":[{"embeddable":true,"href":"https:\/\/www.hoymercedes.com.ar\/principal\/wp-json\/wp\/v2\/users\/1"}],"replies":[{"embeddable":true,"href":"https:\/\/www.hoymercedes.com.ar\/principal\/wp-json\/wp\/v2\/comments?post=108339"}],"version-history":[{"count":0,"href":"https:\/\/www.hoymercedes.com.ar\/principal\/wp-json\/wp\/v2\/posts\/108339\/revisions"}],"wp:featuredmedia":[{"embeddable":true,"href":"https:\/\/www.hoymercedes.com.ar\/principal\/wp-json\/wp\/v2\/media\/108340"}],"wp:attachment":[{"href":"https:\/\/www.hoymercedes.com.ar\/principal\/wp-json\/wp\/v2\/media?parent=108339"}],"wp:term":[{"taxonomy":"category","embeddable":true,"href":"https:\/\/www.hoymercedes.com.ar\/principal\/wp-json\/wp\/v2\/categories?post=108339"},{"taxonomy":"post_tag","embeddable":true,"href":"https:\/\/www.hoymercedes.com.ar\/principal\/wp-json\/wp\/v2\/tags?post=108339"}],"curies":[{"name":"wp","href":"https:\/\/api.w.org\/{rel}","templated":true}]}}