{"id":10835,"date":"2012-02-11T16:13:18","date_gmt":"2012-02-11T16:13:18","guid":{"rendered":"http:\/\/www.hoymercedes.com.ar\/principal\/?p=10835"},"modified":"2012-02-11T16:13:18","modified_gmt":"2012-02-11T16:13:18","slug":"invitan-primera-asamblea-por-la-cultura","status":"publish","type":"post","link":"https:\/\/www.hoymercedes.com.ar\/principal\/2012\/02\/11\/invitan-primera-asamblea-por-la-cultura\/","title":{"rendered":"Invitan primera Asamblea por la Cultura"},"content":{"rendered":"<p>La Organizaci\u00f3n El Negro Olmedo, Nor -Teatro y los abajo firmantes\u00a0invitan, a toda la comunidad de Mercedes, a la primer \u201cAsamblea por la\u00a0Cultura\u201d de nuestra ciudad y la Regi\u00f3n, a realizarse el d\u00eda Mi\u00e9rcelos\u00a015 del corriente mes a las 20 horas.<\/p>\n<p>El encuentro, ser\u00e1 en las instalaciones de la Asociaci\u00f3n Judicial\u00a0Bonaerense, sita en calle 22 entre 33 y 31.<\/p>\n<p>Los temas a tratar ser\u00e1n: Identidad Cultural \u2013 Generaci\u00f3n de lugares\u00a0de encuentro ergo ideas \u2013 Lectura de las propuestas de creadores que\u00a0est\u00e1n ausentes, decodificaci\u00f3n de sus mensajes. Debate e\u00a0interpretaci\u00f3n \u2013 Enumeraci\u00f3n de ausencias \u2013 Reconstrucci\u00f3n del\u00a0patrimonio cultural a trav\u00e9s de la memoria colectiva \u2013 Consecuencias de estas ausencias. Rol del Estado &#8211; Plan de acci\u00f3n.<\/p>\n<p>Secretario CPTI Fabi\u00e1n Morales<\/p>\n<p>Licenciada Marisa Ivaldi<\/p>\n<p>Licenciado Gustavo Urpianello.<\/p>\n","protected":false},"excerpt":{"rendered":"<p>La Organizaci\u00f3n El Negro Olmedo, Nor -Teatro y los abajo firmantes\u00a0invitan, a toda la comunidad de Mercedes, a la primer &#8230; <a title=\"Invitan primera Asamblea por la Cultura\" class=\"read-more\" href=\"https:\/\/www.hoymercedes.com.ar\/principal\/2012\/02\/11\/invitan-primera-asamblea-por-la-cultura\/\" aria-label=\"Leer m\u00e1s sobre Invitan primera Asamblea por la Cultura\">Leer m\u00e1s<\/a><\/p>\n","protected":false},"author":1,"featured_media":0,"comment_status":"open","ping_status":"open","sticky":false,"template":"","format":"standard","meta":{"_monsterinsights_skip_tracking":false,"_monsterinsights_sitenote_active":false,"_monsterinsights_sitenote_note":"","_monsterinsights_sitenote_category":0,"jetpack_post_was_ever_published":false,"_jetpack_newsletter_access":"","_jetpack_dont_email_post_to_subs":false,"_jetpack_newsletter_tier_id":0,"_jetpack_memberships_contains_paywalled_content":false,"_jetpack_memberships_contains_paid_content":false,"footnotes":"","jetpack_publicize_message":"","jetpack_publicize_feature_enabled":true,"jetpack_social_post_already_shared":false,"jetpack_social_options":{"image_generator_settings":{"template":"highway","default_image_id":0,"font":"","enabled":false},"version":2},"_wpas_customize_per_network":false},"categories":[1],"tags":[1855,479],"class_list":["post-10835","post","type-post","status-publish","format-standard","hentry","category-opinion","tag-asamblea-por-la-cultura","tag-fabian-morales","generate-columns","tablet-grid-50","mobile-grid-100","grid-parent","grid-50"],"jetpack_publicize_connections":[],"jetpack_featured_media_url":"","wps_subtitle":"","jetpack_sharing_enabled":true,"_links":{"self":[{"href":"https:\/\/www.hoymercedes.com.ar\/principal\/wp-json\/wp\/v2\/posts\/10835","targetHints":{"allow":["GET"]}}],"collection":[{"href":"https:\/\/www.hoymercedes.com.ar\/principal\/wp-json\/wp\/v2\/posts"}],"about":[{"href":"https:\/\/www.hoymercedes.com.ar\/principal\/wp-json\/wp\/v2\/types\/post"}],"author":[{"embeddable":true,"href":"https:\/\/www.hoymercedes.com.ar\/principal\/wp-json\/wp\/v2\/users\/1"}],"replies":[{"embeddable":true,"href":"https:\/\/www.hoymercedes.com.ar\/principal\/wp-json\/wp\/v2\/comments?post=10835"}],"version-history":[{"count":0,"href":"https:\/\/www.hoymercedes.com.ar\/principal\/wp-json\/wp\/v2\/posts\/10835\/revisions"}],"wp:attachment":[{"href":"https:\/\/www.hoymercedes.com.ar\/principal\/wp-json\/wp\/v2\/media?parent=10835"}],"wp:term":[{"taxonomy":"category","embeddable":true,"href":"https:\/\/www.hoymercedes.com.ar\/principal\/wp-json\/wp\/v2\/categories?post=10835"},{"taxonomy":"post_tag","embeddable":true,"href":"https:\/\/www.hoymercedes.com.ar\/principal\/wp-json\/wp\/v2\/tags?post=10835"}],"curies":[{"name":"wp","href":"https:\/\/api.w.org\/{rel}","templated":true}]}}