{"id":108375,"date":"2020-03-25T10:17:00","date_gmt":"2020-03-25T13:17:00","guid":{"rendered":"http:\/\/www.hoymercedes.com.ar\/principal\/?p=108375"},"modified":"2020-03-25T10:23:05","modified_gmt":"2020-03-25T13:23:05","slug":"entregan-equipos-de-trabajo-aislantes-a-recolectores-de-residuos","status":"publish","type":"post","link":"https:\/\/www.hoymercedes.com.ar\/principal\/2020\/03\/25\/entregan-equipos-de-trabajo-aislantes-a-recolectores-de-residuos\/","title":{"rendered":"Entregan equipos de trabajo aislantes a recolectores de residuos"},"content":{"rendered":"\n<p>EL municipio de Mercedes entreg\u00f3 a su personal equipos de seguridad laboral. Los trabajadores de la recolecci\u00f3n de residuos cuentan de trajes completos para evitar contactos con elementos que puedan estar infectado. Antes de la salida del servicio los trabajadores tuvieron un encuentro con el Jefe Comunal donde recibieron los uniformes.<\/p>\n\n\n\n<p>Se trata de una medida m\u00e1s en torno al cuidado de la salud e integridad de los municipales que est\u00e1n llevando a cabo una tarea fundamental en la higiene de la ciudad y domiciliaria.<\/p>\n\n\n\n<p>Es importante recordar a los vecinos que eviten sacar residuos fuera de horario, que el servicio se desarrolla de manera normal de domingo a jueves y que en estos d\u00edas de crisis se torna sumamente valioso el aporte de cada mercedino en desechar lo menos posible y mantener su frente de manera limpia.<\/p>\n\n\n\n<p>Adem\u00e1s del intendente Ustarroz, estuvieron presentes del sub secretario de servicios p\u00fablicos Lu\u00eds Ponce, el director\u00a0del corral\u00f3n Daniel Apestegu\u00eda\u00a0 y\u00a0\u00a0la secretaria de gobierno, Clara Zunino.\u00a0\u00a0<\/p>\n\n\n\n<div class=\"wp-block-image\"><figure class=\"aligncenter size-large\"><img loading=\"lazy\" decoding=\"async\" width=\"800\" height=\"533\" data-attachment-id=\"108376\" data-permalink=\"https:\/\/www.hoymercedes.com.ar\/principal\/2020\/03\/25\/entregan-equipos-de-trabajo-aislantes-a-recolectores-de-residuos\/25-muni-ropa-1\/#main\" data-orig-file=\"https:\/\/www.hoymercedes.com.ar\/principal\/wp-content\/uploads\/2020\/03\/25-muni-ropa-1.jpeg\" data-orig-size=\"800,533\" data-comments-opened=\"0\" data-image-meta=\"{&quot;aperture&quot;:&quot;0&quot;,&quot;credit&quot;:&quot;&quot;,&quot;camera&quot;:&quot;&quot;,&quot;caption&quot;:&quot;&quot;,&quot;created_timestamp&quot;:&quot;0&quot;,&quot;copyright&quot;:&quot;&quot;,&quot;focal_length&quot;:&quot;0&quot;,&quot;iso&quot;:&quot;0&quot;,&quot;shutter_speed&quot;:&quot;0&quot;,&quot;title&quot;:&quot;&quot;,&quot;orientation&quot;:&quot;0&quot;}\" data-image-title=\"25 muni ropa 1\" data-image-description=\"\" data-image-caption=\"\" data-large-file=\"https:\/\/www.hoymercedes.com.ar\/principal\/wp-content\/uploads\/2020\/03\/25-muni-ropa-1.jpeg\" src=\"https:\/\/www.hoymercedes.com.ar\/principal\/wp-content\/uploads\/2020\/03\/25-muni-ropa-1.jpeg\" alt=\"\" class=\"wp-image-108376\"\/><\/figure><\/div>\n\n\n\n<p><br><\/p>\n","protected":false},"excerpt":{"rendered":"<p>EL municipio de Mercedes entreg\u00f3 a su personal equipos de seguridad laboral. Los trabajadores de la recolecci\u00f3n de residuos cuentan &#8230; <a title=\"Entregan equipos de trabajo aislantes a recolectores de residuos\" class=\"read-more\" href=\"https:\/\/www.hoymercedes.com.ar\/principal\/2020\/03\/25\/entregan-equipos-de-trabajo-aislantes-a-recolectores-de-residuos\/\" aria-label=\"Leer m\u00e1s sobre Entregan equipos de trabajo aislantes a recolectores de residuos\">Leer m\u00e1s<\/a><\/p>\n","protected":false},"author":1,"featured_media":108377,"comment_status":"closed","ping_status":"open","sticky":false,"template":"","format":"standard","meta":{"_monsterinsights_skip_tracking":false,"_monsterinsights_sitenote_active":false,"_monsterinsights_sitenote_note":"","_monsterinsights_sitenote_category":0,"jetpack_post_was_ever_published":false,"_jetpack_newsletter_access":"","_jetpack_dont_email_post_to_subs":false,"_jetpack_newsletter_tier_id":0,"_jetpack_memberships_contains_paywalled_content":false,"_jetpack_memberships_contains_paid_content":false,"footnotes":"","jetpack_publicize_message":"","jetpack_publicize_feature_enabled":true,"jetpack_social_post_already_shared":false,"jetpack_social_options":{"image_generator_settings":{"template":"highway","default_image_id":0,"font":"","enabled":false},"version":2},"_wpas_customize_per_network":false},"categories":[30],"tags":[16175,3859,16313,244,8756,16385],"class_list":["post-108375","post","type-post","status-publish","format-standard","has-post-thumbnail","hentry","category-municipio","tag-coronavirus","tag-corralon","tag-covid-19","tag-municipio-2","tag-prevencion","tag-seguridad-de-trabajo","generate-columns","tablet-grid-50","mobile-grid-100","grid-parent","grid-50"],"jetpack_publicize_connections":[],"jetpack_featured_media_url":"https:\/\/www.hoymercedes.com.ar\/principal\/wp-content\/uploads\/2020\/03\/25-muni-ropa-2.jpeg","wps_subtitle":"Prevenci\u00f3n sanitaria","jetpack_sharing_enabled":true,"_links":{"self":[{"href":"https:\/\/www.hoymercedes.com.ar\/principal\/wp-json\/wp\/v2\/posts\/108375","targetHints":{"allow":["GET"]}}],"collection":[{"href":"https:\/\/www.hoymercedes.com.ar\/principal\/wp-json\/wp\/v2\/posts"}],"about":[{"href":"https:\/\/www.hoymercedes.com.ar\/principal\/wp-json\/wp\/v2\/types\/post"}],"author":[{"embeddable":true,"href":"https:\/\/www.hoymercedes.com.ar\/principal\/wp-json\/wp\/v2\/users\/1"}],"replies":[{"embeddable":true,"href":"https:\/\/www.hoymercedes.com.ar\/principal\/wp-json\/wp\/v2\/comments?post=108375"}],"version-history":[{"count":0,"href":"https:\/\/www.hoymercedes.com.ar\/principal\/wp-json\/wp\/v2\/posts\/108375\/revisions"}],"wp:featuredmedia":[{"embeddable":true,"href":"https:\/\/www.hoymercedes.com.ar\/principal\/wp-json\/wp\/v2\/media\/108377"}],"wp:attachment":[{"href":"https:\/\/www.hoymercedes.com.ar\/principal\/wp-json\/wp\/v2\/media?parent=108375"}],"wp:term":[{"taxonomy":"category","embeddable":true,"href":"https:\/\/www.hoymercedes.com.ar\/principal\/wp-json\/wp\/v2\/categories?post=108375"},{"taxonomy":"post_tag","embeddable":true,"href":"https:\/\/www.hoymercedes.com.ar\/principal\/wp-json\/wp\/v2\/tags?post=108375"}],"curies":[{"name":"wp","href":"https:\/\/api.w.org\/{rel}","templated":true}]}}