{"id":108380,"date":"2020-03-25T11:15:00","date_gmt":"2020-03-25T14:15:00","guid":{"rendered":"http:\/\/www.hoymercedes.com.ar\/principal\/?p=108380"},"modified":"2020-03-25T10:24:02","modified_gmt":"2020-03-25T13:24:02","slug":"jornadas-de-desinfeccion-en-la-unidas-5-de-mercedes","status":"publish","type":"post","link":"https:\/\/www.hoymercedes.com.ar\/principal\/2020\/03\/25\/jornadas-de-desinfeccion-en-la-unidas-5-de-mercedes\/","title":{"rendered":"Jornadas de desinfecci\u00f3n en la Unidas 5 de Mercedes"},"content":{"rendered":"\n<p>En el marco de la prevenci\u00f3n del contagio del coronavirus, en la Unidad Penitenciaria N\u00b0 5 de Mercedes, se realiza\u00a0 de manera permanente tareas de saneamiento e higiene general. <\/p>\n\n\n\n<p>A primera hora del d\u00eda, se realiza\u00a0 una desinfecci\u00f3n general, de las dependencias de la Unidad. Incluy\u00f3 zonas habitacionales (pabellones), anexo femenino, sectores de cocinas, administraci\u00f3n, puestos asegurativos, y lugar de recepci\u00f3n de las mercader\u00edas que traen los familiares de los detenidos.\u00a0\u00a0 \u00a0 \u00a0 \u00a0<\/p>\n\n\n\n<p>Con estas acciones se busca cuidar y controlar la salud de la poblaci\u00f3n carcelaria y las de los empleados que deben seguir cumpliendo con su trabajo. Adem\u00e1s, se entrega material descartable como guantes y barbijo para realizar sus tareas.<\/p>\n\n\n\n<figure class=\"wp-block-image size-large\"><img loading=\"lazy\" decoding=\"async\" width=\"800\" height=\"600\" data-attachment-id=\"108381\" data-permalink=\"https:\/\/www.hoymercedes.com.ar\/principal\/2020\/03\/25\/jornadas-de-desinfeccion-en-la-unidas-5-de-mercedes\/25-carcel-desinf-1\/#main\" data-orig-file=\"https:\/\/www.hoymercedes.com.ar\/principal\/wp-content\/uploads\/2020\/03\/25-carcel-desinf-1.jpg\" data-orig-size=\"800,600\" data-comments-opened=\"0\" data-image-meta=\"{&quot;aperture&quot;:&quot;0&quot;,&quot;credit&quot;:&quot;&quot;,&quot;camera&quot;:&quot;&quot;,&quot;caption&quot;:&quot;&quot;,&quot;created_timestamp&quot;:&quot;0&quot;,&quot;copyright&quot;:&quot;&quot;,&quot;focal_length&quot;:&quot;0&quot;,&quot;iso&quot;:&quot;0&quot;,&quot;shutter_speed&quot;:&quot;0&quot;,&quot;title&quot;:&quot;&quot;,&quot;orientation&quot;:&quot;0&quot;}\" data-image-title=\"25 carcel desinf 1\" data-image-description=\"\" data-image-caption=\"\" data-large-file=\"https:\/\/www.hoymercedes.com.ar\/principal\/wp-content\/uploads\/2020\/03\/25-carcel-desinf-1.jpg\" src=\"https:\/\/www.hoymercedes.com.ar\/principal\/wp-content\/uploads\/2020\/03\/25-carcel-desinf-1.jpg\" alt=\"\" class=\"wp-image-108381\"\/><\/figure>\n","protected":false},"excerpt":{"rendered":"<p>En el marco de la prevenci\u00f3n del contagio del coronavirus, en la Unidad Penitenciaria N\u00b0 5 de Mercedes, se realiza\u00a0 &#8230; <a title=\"Jornadas de desinfecci\u00f3n en la Unidas 5 de Mercedes\" class=\"read-more\" href=\"https:\/\/www.hoymercedes.com.ar\/principal\/2020\/03\/25\/jornadas-de-desinfeccion-en-la-unidas-5-de-mercedes\/\" aria-label=\"Leer m\u00e1s sobre Jornadas de desinfecci\u00f3n en la Unidas 5 de Mercedes\">Leer m\u00e1s<\/a><\/p>\n","protected":false},"author":1,"featured_media":108381,"comment_status":"closed","ping_status":"open","sticky":false,"template":"","format":"standard","meta":{"_monsterinsights_skip_tracking":false,"_monsterinsights_sitenote_active":false,"_monsterinsights_sitenote_note":"","_monsterinsights_sitenote_category":0,"jetpack_post_was_ever_published":false,"_jetpack_newsletter_access":"","_jetpack_dont_email_post_to_subs":false,"_jetpack_newsletter_tier_id":0,"_jetpack_memberships_contains_paywalled_content":false,"_jetpack_memberships_contains_paid_content":false,"footnotes":"","jetpack_publicize_message":"","jetpack_publicize_feature_enabled":true,"jetpack_social_post_already_shared":true,"jetpack_social_options":{"image_generator_settings":{"template":"highway","default_image_id":0,"font":"","enabled":false},"version":2},"_wpas_customize_per_network":false},"categories":[8],"tags":[1011,16175,16313,9089,16379,8756,9002],"class_list":["post-108380","post","type-post","status-publish","format-standard","has-post-thumbnail","hentry","category-sociedad","tag-carcel","tag-coronavirus","tag-covid-19","tag-dengue","tag-desinfeccion","tag-prevencion","tag-unidad-n-5","generate-columns","tablet-grid-50","mobile-grid-100","grid-parent","grid-50"],"jetpack_publicize_connections":[],"jetpack_featured_media_url":"https:\/\/www.hoymercedes.com.ar\/principal\/wp-content\/uploads\/2020\/03\/25-carcel-desinf-1.jpg","wps_subtitle":"Prevenci\u00f3n sanitaria","jetpack_sharing_enabled":true,"_links":{"self":[{"href":"https:\/\/www.hoymercedes.com.ar\/principal\/wp-json\/wp\/v2\/posts\/108380","targetHints":{"allow":["GET"]}}],"collection":[{"href":"https:\/\/www.hoymercedes.com.ar\/principal\/wp-json\/wp\/v2\/posts"}],"about":[{"href":"https:\/\/www.hoymercedes.com.ar\/principal\/wp-json\/wp\/v2\/types\/post"}],"author":[{"embeddable":true,"href":"https:\/\/www.hoymercedes.com.ar\/principal\/wp-json\/wp\/v2\/users\/1"}],"replies":[{"embeddable":true,"href":"https:\/\/www.hoymercedes.com.ar\/principal\/wp-json\/wp\/v2\/comments?post=108380"}],"version-history":[{"count":0,"href":"https:\/\/www.hoymercedes.com.ar\/principal\/wp-json\/wp\/v2\/posts\/108380\/revisions"}],"wp:featuredmedia":[{"embeddable":true,"href":"https:\/\/www.hoymercedes.com.ar\/principal\/wp-json\/wp\/v2\/media\/108381"}],"wp:attachment":[{"href":"https:\/\/www.hoymercedes.com.ar\/principal\/wp-json\/wp\/v2\/media?parent=108380"}],"wp:term":[{"taxonomy":"category","embeddable":true,"href":"https:\/\/www.hoymercedes.com.ar\/principal\/wp-json\/wp\/v2\/categories?post=108380"},{"taxonomy":"post_tag","embeddable":true,"href":"https:\/\/www.hoymercedes.com.ar\/principal\/wp-json\/wp\/v2\/tags?post=108380"}],"curies":[{"name":"wp","href":"https:\/\/api.w.org\/{rel}","templated":true}]}}