{"id":108391,"date":"2020-03-25T15:50:00","date_gmt":"2020-03-25T18:50:00","guid":{"rendered":"http:\/\/www.hoymercedes.com.ar\/principal\/?p=108391"},"modified":"2020-03-25T15:30:06","modified_gmt":"2020-03-25T18:30:06","slug":"suspenden-la-inhabilitacion-de-cuentas-bancarias-por-cheques-sin-fondos","status":"publish","type":"post","link":"https:\/\/www.hoymercedes.com.ar\/principal\/2020\/03\/25\/suspenden-la-inhabilitacion-de-cuentas-bancarias-por-cheques-sin-fondos\/","title":{"rendered":"Suspenden la inhabilitaci\u00f3n de cuentas bancarias por cheques sin fondos"},"content":{"rendered":"\n<p> En el marco de la bater\u00eda de medidas implementadas por el gobierno nacional para morigerar los efectos econ\u00f3micos del coronavirus, el Gobierno Nacional, a trav\u00e9s del\u00a0<a rel=\"noreferrer noopener\" target=\"_blank\" href=\"https:\/\/www.boletinoficial.gob.ar\/detalleAviso\/primera\/227121\/20200325\">Decreto 312\/2020<\/a>\u00a0publicado en el Bolet\u00edn Oficial, suspendi\u00f3 hasta el 30 de abril de este a\u00f1o, inclusive, la obligaci\u00f3n de proceder al cierre de cuentas bancarias por cheques sin fondos.<\/p>\n\n\n\n<p>Asimismo, se determin\u00f3 la suspensi\u00f3n de la obligaci\u00f3n establecida en el Art\u00edculo 12 de la Ley N\u00b0 14.499, respecto de que las instituciones crediticias requieran a los empleadores, en forma previa al otorgamiento de cr\u00e9dito, una constancia o declaraci\u00f3n jurada de que no adeudan suma alguna en concepto de aportes o contribuciones, o que, habi\u00e9ndose acogido a moratoria, se encuentran al d\u00eda en el cumplimiento de la misma.<\/p>\n\n\n\n<p>El texto del Decreto sostiene que la situaci\u00f3n econ\u00f3mica actual \u00abhace prever que el rechazo de cheques por falta de fondos, habr\u00e1 de incrementarse por efecto de esa situaci\u00f3n y no necesariamente por un inadecuado uso del instrumento por parte de los libradores\u00bb.<\/p>\n\n\n\n<p>A su vez, resalta que \u201cen tales circunstancias, la aplicaci\u00f3n de las multas previstas para el caso de rechazo de cheques no solo no cumplir\u00eda su finalidad, sino que agravar\u00eda la situaci\u00f3n de sujetos ya afectados por la coyuntura econ\u00f3mica descripta, y el cierre de la cuenta e inhabilitaci\u00f3n privar\u00eda a los agentes econ\u00f3micos afectados por estas de un elemento esencial para poder desarrollar sus actividades, perjudicando la posibilidad de realizar y recibir pagos, con el consecuente da\u00f1o al conjunto de la econom\u00eda\u00bb.<\/p>\n\n\n\n<p>Para acceder al Decreto 312\/2020,\u00a0<a rel=\"noreferrer noopener\" target=\"_blank\" href=\"https:\/\/www.boletinoficial.gob.ar\/detalleAviso\/primera\/227121\/20200325\">clic aqu\u00ed<\/a>. <\/p>\n\n\n\n<p><strong>Reducen los encajes para bancos<\/strong><\/p>\n\n\n\n<p> A trav\u00e9s de la\u00a0<a rel=\"noreferrer noopener\" target=\"_blank\" href=\"http:\/\/km2.bariloche.cc\/lt.php?c=21016&amp;m=12858&amp;nl=1127&amp;s=87178a32470259a83e89250ecea5e162&amp;lid=95556&amp;l=-http--www.redcame.org.ar\/archivos\/Banco%20Central%20de%20la%20Rep%C3%BAblica%20Argentina%20-%20Comunicaci%C3%B3n%20A%206943%20-%20Formalizaci%C3%B3n%20de%20baja%20de%20encajes%20para%20financiamiento%20PYME.pdf\">Comunicaci\u00f3n A 6943<\/a>, el BCRA aplic\u00f3 una nueva rebaja a la exigencia de dinero inmovilizado para los bancos que les presten a PyMEs y centros de salud, llev\u00e1ndola del 40% de la suma de las financiaciones acordadas en moneda local a una tasa de inter\u00e9s nominal anual de hasta 24%. La modificaci\u00f3n tiene vigencia desde el 20 de marzo. <\/p>\n\n\n\n<p>Esta medida solo se aplica para dos destinos. Uno de ellos son las micro, peque\u00f1as o medianas empresas. Con respecto a ellas, la entidad financiera estableci\u00f3 que deben utilizar al menos el 50% de las financiaciones para las l\u00edneas de capital de trabajo, por ejemplo, deben emplearlas para pagar sueldos y cubrir cheques diferidos. <\/p>\n\n\n\n<p> El otro destino contemplado son los centros de salud. Estos deben estar habilitados por el organismo competente de su jurisdicci\u00f3n y prestar \u201cservicios de internaci\u00f3n en el marco de la Emergencia Sanitaria dispuesta por el Decreto 260\/2020. En este caso, se exige que el dinero \u201csea destinado a la compra de insumos y equipamiento m\u00e9dico\u201d.<\/p>\n\n\n\n<p>Por otra parte, el BCRA anunci\u00f3 que ma\u00f1ana se restablecen las sesiones de compensaci\u00f3n electr\u00f3nica de cheques, que hab\u00edan sido suspendidas el 20 de marzo. La entidad aclar\u00f3 que \u201clos d\u00edas que no hubo clearing no computar\u00e1n para el vencimiento del plazo de 30 d\u00edas para la presentaci\u00f3n de los cheques\u201d.\n\n<\/p>\n\n\n\n<p>Fuente: CAME<\/p>\n","protected":false},"excerpt":{"rendered":"<p>En el marco de la bater\u00eda de medidas implementadas por el gobierno nacional para morigerar los efectos econ\u00f3micos del coronavirus, &#8230; <a title=\"Suspenden la inhabilitaci\u00f3n de cuentas bancarias por cheques sin fondos\" class=\"read-more\" href=\"https:\/\/www.hoymercedes.com.ar\/principal\/2020\/03\/25\/suspenden-la-inhabilitacion-de-cuentas-bancarias-por-cheques-sin-fondos\/\" aria-label=\"Leer m\u00e1s sobre Suspenden la inhabilitaci\u00f3n de cuentas bancarias por cheques sin fondos\">Leer m\u00e1s<\/a><\/p>\n","protected":false},"author":1,"featured_media":108392,"comment_status":"closed","ping_status":"open","sticky":false,"template":"","format":"standard","meta":{"_monsterinsights_skip_tracking":false,"_monsterinsights_sitenote_active":false,"_monsterinsights_sitenote_note":"","_monsterinsights_sitenote_category":0,"jetpack_post_was_ever_published":false,"_jetpack_newsletter_access":"","_jetpack_dont_email_post_to_subs":false,"_jetpack_newsletter_tier_id":0,"_jetpack_memberships_contains_paywalled_content":false,"_jetpack_memberships_contains_paid_content":false,"footnotes":"","jetpack_publicize_message":"","jetpack_publicize_feature_enabled":true,"jetpack_social_post_already_shared":true,"jetpack_social_options":{"image_generator_settings":{"template":"highway","default_image_id":0,"font":"","enabled":false},"version":2},"_wpas_customize_per_network":false},"categories":[5210],"tags":[12647,16175,16313,14928,11138],"class_list":["post-108391","post","type-post","status-publish","format-standard","has-post-thumbnail","hentry","category-politica-nacional","tag-bancos","tag-coronavirus","tag-covid-19","tag-medidas-economicas","tag-pymes","generate-columns","tablet-grid-50","mobile-grid-100","grid-parent","grid-50"],"jetpack_publicize_connections":[],"jetpack_featured_media_url":"https:\/\/www.hoymercedes.com.ar\/principal\/wp-content\/uploads\/2020\/03\/25-bancos.png","wps_subtitle":"Medidas econ\u00f3micas","jetpack_sharing_enabled":true,"_links":{"self":[{"href":"https:\/\/www.hoymercedes.com.ar\/principal\/wp-json\/wp\/v2\/posts\/108391","targetHints":{"allow":["GET"]}}],"collection":[{"href":"https:\/\/www.hoymercedes.com.ar\/principal\/wp-json\/wp\/v2\/posts"}],"about":[{"href":"https:\/\/www.hoymercedes.com.ar\/principal\/wp-json\/wp\/v2\/types\/post"}],"author":[{"embeddable":true,"href":"https:\/\/www.hoymercedes.com.ar\/principal\/wp-json\/wp\/v2\/users\/1"}],"replies":[{"embeddable":true,"href":"https:\/\/www.hoymercedes.com.ar\/principal\/wp-json\/wp\/v2\/comments?post=108391"}],"version-history":[{"count":0,"href":"https:\/\/www.hoymercedes.com.ar\/principal\/wp-json\/wp\/v2\/posts\/108391\/revisions"}],"wp:featuredmedia":[{"embeddable":true,"href":"https:\/\/www.hoymercedes.com.ar\/principal\/wp-json\/wp\/v2\/media\/108392"}],"wp:attachment":[{"href":"https:\/\/www.hoymercedes.com.ar\/principal\/wp-json\/wp\/v2\/media?parent=108391"}],"wp:term":[{"taxonomy":"category","embeddable":true,"href":"https:\/\/www.hoymercedes.com.ar\/principal\/wp-json\/wp\/v2\/categories?post=108391"},{"taxonomy":"post_tag","embeddable":true,"href":"https:\/\/www.hoymercedes.com.ar\/principal\/wp-json\/wp\/v2\/tags?post=108391"}],"curies":[{"name":"wp","href":"https:\/\/api.w.org\/{rel}","templated":true}]}}