{"id":108418,"date":"2020-03-25T18:15:00","date_gmt":"2020-03-25T21:15:00","guid":{"rendered":"http:\/\/www.hoymercedes.com.ar\/principal\/?p=108418"},"modified":"2020-03-25T19:09:29","modified_gmt":"2020-03-25T22:09:29","slug":"anses-establecio-un-cronogrma-de-pre-inscripcion-para-cobrar-ingreso-familiar-de-emergencia","status":"publish","type":"post","link":"https:\/\/www.hoymercedes.com.ar\/principal\/2020\/03\/25\/anses-establecio-un-cronogrma-de-pre-inscripcion-para-cobrar-ingreso-familiar-de-emergencia\/","title":{"rendered":"ANSES estableci\u00f3 un cronograma de pre-inscripci\u00f3n para cobrar ingreso familiar de emergencia"},"content":{"rendered":"\n<p>La ANSES informa que ya se ha establecido un cronograma para que los beneficiarios del Ingreso Familiar de Emergencia (IFE) puedan comenzar a pre-inscribirse de acuerdo con sus n\u00fameros de DNI a partir del pr\u00f3ximo viernes 27 de marzo.<\/p>\n\n\n\n<div class=\"wp-block-image\"><figure class=\"aligncenter size-large\"><img loading=\"lazy\" decoding=\"async\" width=\"800\" height=\"451\" data-attachment-id=\"108419\" data-permalink=\"https:\/\/www.hoymercedes.com.ar\/principal\/2020\/03\/25\/anses-establecio-un-cronogrma-de-pre-inscripcion-para-cobrar-ingreso-familiar-de-emergencia\/25-anses-ife-1\/#main\" data-orig-file=\"https:\/\/www.hoymercedes.com.ar\/principal\/wp-content\/uploads\/2020\/03\/25-anses-IFE-1.jpg\" data-orig-size=\"800,451\" data-comments-opened=\"0\" data-image-meta=\"{&quot;aperture&quot;:&quot;0&quot;,&quot;credit&quot;:&quot;&quot;,&quot;camera&quot;:&quot;&quot;,&quot;caption&quot;:&quot;&quot;,&quot;created_timestamp&quot;:&quot;0&quot;,&quot;copyright&quot;:&quot;&quot;,&quot;focal_length&quot;:&quot;0&quot;,&quot;iso&quot;:&quot;0&quot;,&quot;shutter_speed&quot;:&quot;0&quot;,&quot;title&quot;:&quot;&quot;,&quot;orientation&quot;:&quot;0&quot;}\" data-image-title=\"25 anses IFE 1\" data-image-description=\"\" data-image-caption=\"\" data-large-file=\"https:\/\/www.hoymercedes.com.ar\/principal\/wp-content\/uploads\/2020\/03\/25-anses-IFE-1.jpg\" src=\"https:\/\/www.hoymercedes.com.ar\/principal\/wp-content\/uploads\/2020\/03\/25-anses-IFE-1.jpg\" alt=\"\" class=\"wp-image-108419\"\/><\/figure><\/div>\n\n\n\n<p>Las personas cuyo DNI termine en los n\u00fameros 0 y 1 tendr\u00e1n que ingresar el viernes 27 en la p\u00e1gina Web de la ANSES para llenar un aplicativo de pre-inscripci\u00f3n, que les requerir\u00e1 datos m\u00ednimos para iniciar el tr\u00e1mite de solicitud de este subsidio extraordinario.<\/p>\n\n\n\n<p>Los documentos de identidad terminados en 2 y 3 deber\u00e1n hacerlo el s\u00e1bado 28; los finalizados en 4 y 5 el domingo 29; los que terminan en 6 y 7 el lunes 30 y, finalmente, los DNI cuyos \u00faltimos n\u00fameros sean el 8 y el 9 tendr\u00e1n que llenar el aplicativo en la Web el martes 31.<\/p>\n\n\n\n<div class=\"wp-block-image\"><figure class=\"aligncenter size-large\"><img loading=\"lazy\" decoding=\"async\" width=\"800\" height=\"450\" data-attachment-id=\"108420\" data-permalink=\"https:\/\/www.hoymercedes.com.ar\/principal\/2020\/03\/25\/anses-establecio-un-cronogrma-de-pre-inscripcion-para-cobrar-ingreso-familiar-de-emergencia\/25-anses-ife-2\/#main\" data-orig-file=\"https:\/\/www.hoymercedes.com.ar\/principal\/wp-content\/uploads\/2020\/03\/25-anses-IFE-2.jpg\" data-orig-size=\"800,450\" data-comments-opened=\"0\" data-image-meta=\"{&quot;aperture&quot;:&quot;0&quot;,&quot;credit&quot;:&quot;&quot;,&quot;camera&quot;:&quot;&quot;,&quot;caption&quot;:&quot;&quot;,&quot;created_timestamp&quot;:&quot;0&quot;,&quot;copyright&quot;:&quot;&quot;,&quot;focal_length&quot;:&quot;0&quot;,&quot;iso&quot;:&quot;0&quot;,&quot;shutter_speed&quot;:&quot;0&quot;,&quot;title&quot;:&quot;&quot;,&quot;orientation&quot;:&quot;0&quot;}\" data-image-title=\"25 anses IFE 2\" data-image-description=\"\" data-image-caption=\"\" data-large-file=\"https:\/\/www.hoymercedes.com.ar\/principal\/wp-content\/uploads\/2020\/03\/25-anses-IFE-2.jpg\" src=\"https:\/\/www.hoymercedes.com.ar\/principal\/wp-content\/uploads\/2020\/03\/25-anses-IFE-2.jpg\" alt=\"\" class=\"wp-image-108420\"\/><\/figure><\/div>\n\n\n\n<p>La ANSES ruega que los interesados en concretar la pre-inscripci\u00f3n para cobrar este beneficio respeten estrictamente las fechas indicadas, de tal manera que se pueda facilitar el tr\u00e1mite y evitar una congesti\u00f3n de la p\u00e1gina Web del organismo que haga m\u00e1s lento o impida su correcto funcionamiento.<\/p>\n\n\n\n<p>Despu\u00e9s de concretada esta pre-inscripci\u00f3n en los d\u00edas y fechas detallados, la ANSES llevar\u00e1 adelante un r\u00e1pido relevamiento de datos de la informaci\u00f3n recibida de los solicitantes y, posteriormente, solicitar\u00e1 a \u00e9stos toda una serie de datos complementarios como, por ejemplo, sus n\u00fameros de cuentas bancarias.<\/p>\n\n\n\n<p>Finalmente, es muy importante que los beneficiarios de la Asignaci\u00f3n Universal por Hijo (AUH) se abstengan de realizar esta pre-inscripci\u00f3n ya que est\u00e1n autom\u00e1ticamente incluidos en el IFE y cobrar\u00e1n los 10.000 pesos en la misma cuenta en la que reciben pagos todos los meses.<\/p>\n\n\n\n<p>Fuente: Prensa ANSES<\/p>\n","protected":false},"excerpt":{"rendered":"<p>La ANSES informa que ya se ha establecido un cronograma para que los beneficiarios del Ingreso Familiar de Emergencia (IFE) &#8230; <a title=\"ANSES estableci\u00f3 un cronograma de pre-inscripci\u00f3n para cobrar ingreso familiar de emergencia\" class=\"read-more\" href=\"https:\/\/www.hoymercedes.com.ar\/principal\/2020\/03\/25\/anses-establecio-un-cronogrma-de-pre-inscripcion-para-cobrar-ingreso-familiar-de-emergencia\/\" aria-label=\"Leer m\u00e1s sobre ANSES estableci\u00f3 un cronograma de pre-inscripci\u00f3n para cobrar ingreso familiar de emergencia\">Leer m\u00e1s<\/a><\/p>\n","protected":false},"author":1,"featured_media":73507,"comment_status":"closed","ping_status":"open","sticky":false,"template":"","format":"standard","meta":{"_monsterinsights_skip_tracking":false,"_monsterinsights_sitenote_active":false,"_monsterinsights_sitenote_note":"","_monsterinsights_sitenote_category":0,"jetpack_post_was_ever_published":false,"_jetpack_newsletter_access":"","_jetpack_dont_email_post_to_subs":false,"_jetpack_newsletter_tier_id":0,"_jetpack_memberships_contains_paywalled_content":false,"_jetpack_memberships_contains_paid_content":false,"footnotes":"","jetpack_publicize_message":"","jetpack_publicize_feature_enabled":true,"jetpack_social_post_already_shared":false,"jetpack_social_options":{"image_generator_settings":{"template":"highway","default_image_id":0,"font":"","enabled":false},"version":2},"_wpas_customize_per_network":false},"categories":[5210],"tags":[4,8618,8668],"class_list":["post-108418","post","type-post","status-publish","format-standard","has-post-thumbnail","hentry","category-politica-nacional","tag-anses","tag-cronograma","tag-inscripcion","generate-columns","tablet-grid-50","mobile-grid-100","grid-parent","grid-50"],"jetpack_publicize_connections":[],"jetpack_featured_media_url":"https:\/\/www.hoymercedes.com.ar\/principal\/wp-content\/uploads\/2018\/03\/15-anses-logo.jpg","wps_subtitle":"Informaci\u00f3n oficial","jetpack_sharing_enabled":true,"_links":{"self":[{"href":"https:\/\/www.hoymercedes.com.ar\/principal\/wp-json\/wp\/v2\/posts\/108418","targetHints":{"allow":["GET"]}}],"collection":[{"href":"https:\/\/www.hoymercedes.com.ar\/principal\/wp-json\/wp\/v2\/posts"}],"about":[{"href":"https:\/\/www.hoymercedes.com.ar\/principal\/wp-json\/wp\/v2\/types\/post"}],"author":[{"embeddable":true,"href":"https:\/\/www.hoymercedes.com.ar\/principal\/wp-json\/wp\/v2\/users\/1"}],"replies":[{"embeddable":true,"href":"https:\/\/www.hoymercedes.com.ar\/principal\/wp-json\/wp\/v2\/comments?post=108418"}],"version-history":[{"count":0,"href":"https:\/\/www.hoymercedes.com.ar\/principal\/wp-json\/wp\/v2\/posts\/108418\/revisions"}],"wp:featuredmedia":[{"embeddable":true,"href":"https:\/\/www.hoymercedes.com.ar\/principal\/wp-json\/wp\/v2\/media\/73507"}],"wp:attachment":[{"href":"https:\/\/www.hoymercedes.com.ar\/principal\/wp-json\/wp\/v2\/media?parent=108418"}],"wp:term":[{"taxonomy":"category","embeddable":true,"href":"https:\/\/www.hoymercedes.com.ar\/principal\/wp-json\/wp\/v2\/categories?post=108418"},{"taxonomy":"post_tag","embeddable":true,"href":"https:\/\/www.hoymercedes.com.ar\/principal\/wp-json\/wp\/v2\/tags?post=108418"}],"curies":[{"name":"wp","href":"https:\/\/api.w.org\/{rel}","templated":true}]}}