{"id":108453,"date":"2020-03-26T11:03:57","date_gmt":"2020-03-26T14:03:57","guid":{"rendered":"http:\/\/www.hoymercedes.com.ar\/principal\/?p=108453"},"modified":"2020-03-26T11:22:46","modified_gmt":"2020-03-26T14:22:46","slug":"detenidos-con-pedidos-de-captura-infraganti-y-por-violar-cuarentena","status":"publish","type":"post","link":"https:\/\/www.hoymercedes.com.ar\/principal\/2020\/03\/26\/detenidos-con-pedidos-de-captura-infraganti-y-por-violar-cuarentena\/","title":{"rendered":"Detenidos con pedidos de captura, infraganti y por violar cuarentena"},"content":{"rendered":"\n<p>Tal como lo anticip\u00e1ramos en la noche, durante la jornada del mi\u00e9rcoles se registr\u00f3 un total de siete nuevas detenciones enmarcadas en el control y operativo de prevenci\u00f3n del coronavirus a trav\u00e9s del aislamiento social preventivo obligatorio. Tres de ellos, fueron detenidos por \u00abhurto simple agravado en tentativa\u00bb y un cuarto fue detenido al haberse constatado su pedido de captura. <\/p>\n\n\n\n<p>Gast\u00f3n Arenas, Secretario de Seguridad municipal, agradeci\u00f3 \u201cel esfuerzo de la polic\u00eda y de cada fuerza que est\u00e1 hoy dando lo mejor de s\u00ed para cuidar a los vecinos y vecinas, no s\u00f3lo en t\u00e9rminos de seguridad, sino tambi\u00e9n y fundamentalmente ante la aparici\u00f3n de la pandemia covid-19\u201d sin olvidar que \u201cestamos coordinando muchas actividades. Tambi\u00e9n nuestro agradecimiento a la justicia con quienes articulamos constantemente pol\u00edticas p\u00fablicas\u201d<\/p>\n\n\n\n<p><strong>Detenci\u00f3n<\/strong><br> En 2 y 119 los controles tambi\u00e9n permitieron detener a otro masculino que circulaba sin justificar qu\u00e9 hac\u00eda en el acceso de la ciudad y, encima, transportando personas.  Tras hacer las verificaciones pertinentes al 911 detectaron que ten\u00eda pedido de captura por robo agravado. Es oriundo de Moreno. Ahora el mencionado est\u00e1 a disposici\u00f3n de la justicia.<\/p>\n\n\n\n<p><strong>Aprehensi\u00f3n<\/strong><br> Tres j\u00f3venes de 21, 18 y 20 a\u00f1os de edad fueron detenidos por la Polic\u00eda Comunal por hurto simple agravado en tentativa quienes hab\u00edan intentado ingresar a una vivienda \u201ca las corridas\u201d. Un m\u00f3vil que patrullaba preventivamente la zona los detecta e inicia la persecuci\u00f3n que finaliza en 46 y 15 y en 15 y 17 para otros de los ahora detenidos. Los mismos fueron puestos a disposici\u00f3n de la UFIJ N\u00b03 de Departamento Judicial Mercedes.<\/p>\n\n\n\n<p><strong>Deambulaban<\/strong><br> Una pareja fue detenida en Avenida Escolta entre 46 y 48 por encontrarse detenidas, ambos en el interior de un automovil, sin poder dar respuesta de los motivos que lo llevaron a estar all\u00ed violando el aislamiento social preventivo obligatorio.<\/p>\n\n\n\n<p>Fuente: Prensa Municipal<\/p>\n","protected":false},"excerpt":{"rendered":"<p>Tal como lo anticip\u00e1ramos en la noche, durante la jornada del mi\u00e9rcoles se registr\u00f3 un total de siete nuevas detenciones &#8230; <a title=\"Detenidos con pedidos de captura, infraganti y por violar cuarentena\" class=\"read-more\" href=\"https:\/\/www.hoymercedes.com.ar\/principal\/2020\/03\/26\/detenidos-con-pedidos-de-captura-infraganti-y-por-violar-cuarentena\/\" aria-label=\"Leer m\u00e1s sobre Detenidos con pedidos de captura, infraganti y por violar cuarentena\">Leer m\u00e1s<\/a><\/p>\n","protected":false},"author":1,"featured_media":90495,"comment_status":"closed","ping_status":"open","sticky":false,"template":"","format":"standard","meta":{"_monsterinsights_skip_tracking":false,"_monsterinsights_sitenote_active":false,"_monsterinsights_sitenote_note":"","_monsterinsights_sitenote_category":0,"jetpack_post_was_ever_published":false,"_jetpack_newsletter_access":"","_jetpack_dont_email_post_to_subs":false,"_jetpack_newsletter_tier_id":0,"_jetpack_memberships_contains_paywalled_content":false,"_jetpack_memberships_contains_paid_content":false,"footnotes":"","jetpack_publicize_message":"","jetpack_publicize_feature_enabled":true,"jetpack_social_post_already_shared":true,"jetpack_social_options":{"image_generator_settings":{"template":"highway","default_image_id":0,"font":"","enabled":false},"version":2},"_wpas_customize_per_network":false},"categories":[85],"tags":[16175,16313,26,96],"class_list":["post-108453","post","type-post","status-publish","format-standard","has-post-thumbnail","hentry","category-policial","tag-coronavirus","tag-covid-19","tag-detenidos","tag-policial-2","generate-columns","tablet-grid-50","mobile-grid-100","grid-parent","grid-50"],"jetpack_publicize_connections":[],"jetpack_featured_media_url":"https:\/\/www.hoymercedes.com.ar\/principal\/wp-content\/uploads\/2019\/04\/01-policial.jpg","wps_subtitle":"Informe policial","jetpack_sharing_enabled":true,"_links":{"self":[{"href":"https:\/\/www.hoymercedes.com.ar\/principal\/wp-json\/wp\/v2\/posts\/108453","targetHints":{"allow":["GET"]}}],"collection":[{"href":"https:\/\/www.hoymercedes.com.ar\/principal\/wp-json\/wp\/v2\/posts"}],"about":[{"href":"https:\/\/www.hoymercedes.com.ar\/principal\/wp-json\/wp\/v2\/types\/post"}],"author":[{"embeddable":true,"href":"https:\/\/www.hoymercedes.com.ar\/principal\/wp-json\/wp\/v2\/users\/1"}],"replies":[{"embeddable":true,"href":"https:\/\/www.hoymercedes.com.ar\/principal\/wp-json\/wp\/v2\/comments?post=108453"}],"version-history":[{"count":0,"href":"https:\/\/www.hoymercedes.com.ar\/principal\/wp-json\/wp\/v2\/posts\/108453\/revisions"}],"wp:featuredmedia":[{"embeddable":true,"href":"https:\/\/www.hoymercedes.com.ar\/principal\/wp-json\/wp\/v2\/media\/90495"}],"wp:attachment":[{"href":"https:\/\/www.hoymercedes.com.ar\/principal\/wp-json\/wp\/v2\/media?parent=108453"}],"wp:term":[{"taxonomy":"category","embeddable":true,"href":"https:\/\/www.hoymercedes.com.ar\/principal\/wp-json\/wp\/v2\/categories?post=108453"},{"taxonomy":"post_tag","embeddable":true,"href":"https:\/\/www.hoymercedes.com.ar\/principal\/wp-json\/wp\/v2\/tags?post=108453"}],"curies":[{"name":"wp","href":"https:\/\/api.w.org\/{rel}","templated":true}]}}