{"id":108457,"date":"2020-03-26T14:38:00","date_gmt":"2020-03-26T17:38:00","guid":{"rendered":"http:\/\/www.hoymercedes.com.ar\/principal\/?p=108457"},"modified":"2020-03-26T18:54:09","modified_gmt":"2020-03-26T21:54:09","slug":"nueva-reunion-del-comite-de-crisis-por-el-covid-19","status":"publish","type":"post","link":"https:\/\/www.hoymercedes.com.ar\/principal\/2020\/03\/26\/nueva-reunion-del-comite-de-crisis-por-el-covid-19\/","title":{"rendered":"Nueva reuni\u00f3n del Comit\u00e9 de Crisis por el Covid-19"},"content":{"rendered":"\n<p>En el recinto del Concejo Deliberante se llev\u00f3 a cabo una nueva reuni\u00f3n del Comit\u00e9 de Crisis de nuestra ciudad con el objetivo de analizar y efectuar un seguimiento de las medidas adoptadas para prevenir el coronavirus (Covid-19). Diferentes sectores de organismos de la ciudad se reunieron en la ma\u00f1ana del mi\u00e9rcoles.<\/p>\n\n\n\n<figure class=\"wp-block-image size-large\"><img loading=\"lazy\" decoding=\"async\" width=\"800\" height=\"533\" data-attachment-id=\"108459\" data-permalink=\"https:\/\/www.hoymercedes.com.ar\/principal\/2020\/03\/26\/nueva-reunion-del-comite-de-crisis-por-el-covid-19\/img-20200326-wa0011_copy_800x533\/#main\" data-orig-file=\"https:\/\/www.hoymercedes.com.ar\/principal\/wp-content\/uploads\/2020\/03\/IMG-20200326-WA0011_copy_800x533.jpg\" data-orig-size=\"800,533\" data-comments-opened=\"0\" data-image-meta=\"{&quot;aperture&quot;:&quot;0&quot;,&quot;credit&quot;:&quot;&quot;,&quot;camera&quot;:&quot;&quot;,&quot;caption&quot;:&quot;&quot;,&quot;created_timestamp&quot;:&quot;0&quot;,&quot;copyright&quot;:&quot;&quot;,&quot;focal_length&quot;:&quot;0&quot;,&quot;iso&quot;:&quot;0&quot;,&quot;shutter_speed&quot;:&quot;0&quot;,&quot;title&quot;:&quot;&quot;,&quot;orientation&quot;:&quot;0&quot;}\" data-image-title=\"IMG-20200326-WA0011_copy_800x533\" data-image-description=\"\" data-image-caption=\"\" data-large-file=\"https:\/\/www.hoymercedes.com.ar\/principal\/wp-content\/uploads\/2020\/03\/IMG-20200326-WA0011_copy_800x533.jpg\" src=\"https:\/\/www.hoymercedes.com.ar\/principal\/wp-content\/uploads\/2020\/03\/IMG-20200326-WA0011_copy_800x533.jpg\" alt=\"\" class=\"wp-image-108459\"\/><\/figure>\n\n\n\n<p>Estuvieron presentes representantes de todos los bloque pol\u00edticos del concejo, gendarmer\u00eda, colegios profesionales, c\u00e1mara econ\u00f3mica, Anses, Pami, dependencias municipales, polic\u00edas, protecci\u00f3n civil, cl\u00ednica, hospital Dubarry, consejo escolar, centro m\u00e9dico, entre otros.<\/p>\n\n\n\n<p>Para el jefe comunal es muy \u201cimportante seguir trabajando unidos\u201d y \u201ccoordinar esfuerzos\u201d ya que \u201choy d\u00eda s\u00f3lo tenemos una vacuna, que es el aislamiento social preventivo obligatorio y cumplir las normas\u201d. <\/p>\n\n\n\n<p>Esta pandemia que acecha al pa\u00eds y el mundo ha generado un gran dispositivo de cuidados y control, como bien se ve en Mercedes con medidas como el cierre de los accesos a la ciudad, el control de precios y abastecimiento, el lanzamiento de aplicaciones y p\u00e1ginas web para control ciudadano, el refuerzo del sistema sanitario, los complementos del programa alimentario, entre otras medidas.<\/p>\n","protected":false},"excerpt":{"rendered":"<p>En el recinto del Concejo Deliberante se llev\u00f3 a cabo una nueva reuni\u00f3n del Comit\u00e9 de Crisis de nuestra ciudad &#8230; <a title=\"Nueva reuni\u00f3n del Comit\u00e9 de Crisis por el Covid-19\" class=\"read-more\" href=\"https:\/\/www.hoymercedes.com.ar\/principal\/2020\/03\/26\/nueva-reunion-del-comite-de-crisis-por-el-covid-19\/\" aria-label=\"Leer m\u00e1s sobre Nueva reuni\u00f3n del Comit\u00e9 de Crisis por el Covid-19\">Leer m\u00e1s<\/a><\/p>\n","protected":false},"author":1,"featured_media":108459,"comment_status":"closed","ping_status":"open","sticky":false,"template":"","format":"standard","meta":{"_monsterinsights_skip_tracking":false,"_monsterinsights_sitenote_active":false,"_monsterinsights_sitenote_note":"","_monsterinsights_sitenote_category":0,"jetpack_post_was_ever_published":false,"_jetpack_newsletter_access":"","_jetpack_dont_email_post_to_subs":false,"_jetpack_newsletter_tier_id":0,"_jetpack_memberships_contains_paywalled_content":false,"_jetpack_memberships_contains_paid_content":false,"footnotes":"","jetpack_publicize_message":"","jetpack_publicize_feature_enabled":true,"jetpack_social_post_already_shared":true,"jetpack_social_options":{"image_generator_settings":{"template":"highway","default_image_id":0,"font":"","enabled":false},"version":2},"_wpas_customize_per_network":false},"categories":[30],"tags":[16345,16175,16313,244],"class_list":["post-108457","post","type-post","status-publish","format-standard","has-post-thumbnail","hentry","category-municipio","tag-comite-de-crisis","tag-coronavirus","tag-covid-19","tag-municipio-2","generate-columns","tablet-grid-50","mobile-grid-100","grid-parent","grid-50"],"jetpack_publicize_connections":[],"jetpack_featured_media_url":"https:\/\/www.hoymercedes.com.ar\/principal\/wp-content\/uploads\/2020\/03\/IMG-20200326-WA0011_copy_800x533.jpg","wps_subtitle":"Representes de diferentes sectores","jetpack_sharing_enabled":true,"_links":{"self":[{"href":"https:\/\/www.hoymercedes.com.ar\/principal\/wp-json\/wp\/v2\/posts\/108457","targetHints":{"allow":["GET"]}}],"collection":[{"href":"https:\/\/www.hoymercedes.com.ar\/principal\/wp-json\/wp\/v2\/posts"}],"about":[{"href":"https:\/\/www.hoymercedes.com.ar\/principal\/wp-json\/wp\/v2\/types\/post"}],"author":[{"embeddable":true,"href":"https:\/\/www.hoymercedes.com.ar\/principal\/wp-json\/wp\/v2\/users\/1"}],"replies":[{"embeddable":true,"href":"https:\/\/www.hoymercedes.com.ar\/principal\/wp-json\/wp\/v2\/comments?post=108457"}],"version-history":[{"count":0,"href":"https:\/\/www.hoymercedes.com.ar\/principal\/wp-json\/wp\/v2\/posts\/108457\/revisions"}],"wp:featuredmedia":[{"embeddable":true,"href":"https:\/\/www.hoymercedes.com.ar\/principal\/wp-json\/wp\/v2\/media\/108459"}],"wp:attachment":[{"href":"https:\/\/www.hoymercedes.com.ar\/principal\/wp-json\/wp\/v2\/media?parent=108457"}],"wp:term":[{"taxonomy":"category","embeddable":true,"href":"https:\/\/www.hoymercedes.com.ar\/principal\/wp-json\/wp\/v2\/categories?post=108457"},{"taxonomy":"post_tag","embeddable":true,"href":"https:\/\/www.hoymercedes.com.ar\/principal\/wp-json\/wp\/v2\/tags?post=108457"}],"curies":[{"name":"wp","href":"https:\/\/api.w.org\/{rel}","templated":true}]}}