{"id":108470,"date":"2020-03-26T18:44:12","date_gmt":"2020-03-26T21:44:12","guid":{"rendered":"http:\/\/www.hoymercedes.com.ar\/principal\/?p=108470"},"modified":"2020-03-26T18:52:31","modified_gmt":"2020-03-26T21:52:31","slug":"coranavirus-la-defensoria-le-solicito-a-las-empresas-telefonicas-que-ofrezcan-datos-moviles-gratis","status":"publish","type":"post","link":"https:\/\/www.hoymercedes.com.ar\/principal\/2020\/03\/26\/coranavirus-la-defensoria-le-solicito-a-las-empresas-telefonicas-que-ofrezcan-datos-moviles-gratis\/","title":{"rendered":"Coranavirus: La Defensor\u00eda le solicit\u00f3 a las empresas telef\u00f3nicas que ofrezcan datos m\u00f3viles gratis"},"content":{"rendered":"\n<p>La Defensor\u00eda del Pueblo bonaerense le solicit\u00f3 a las compa\u00f1\u00edas telef\u00f3nicas que liberen los datos m\u00f3viles durante todo lo que dure la cuarentena, para que de esa manera los usuarios de telefon\u00eda celular puedan realizar sin costo sus trabajos, estudios o tr\u00e1mites para recibir cualquier tipo de beneficio sin moverse de sus casas.<\/p>\n\n\n\n<p>Con pedidos formales a Movistar, Personal y Claro, el organismo que conduce Guido Lorenzino reclam\u00f3 esta medida para que los bonaerenses estudiantes, trabajadores y beneficiarios de la seguridad social puedan ingresar a las respectivas plataformas educativas y laborales, como as\u00ed tambi\u00e9n permitir que los sectores m\u00e1s vulnerables puedan solicitar ante los organismos p\u00fablicos los beneficios previstos por el Estado nacional.  <\/p>\n\n\n\n<p>\u201cEs necesario que se le garanticen los derechos de los usuarios mientras dure la cuarentena. Ante los problemas econ\u00f3micos que trae aparejado esta situaci\u00f3n, las empresas tambi\u00e9n deber\u00edan hacer el esfuerzo y habilitar los datos m\u00f3viles para que los bonaerenses, en especial los que menos tienen, puedan usar sus tel\u00e9fonos sin inconvenientes y sin costos\u201d, sostuvo Lorenzino.<\/p>\n","protected":false},"excerpt":{"rendered":"<p>La Defensor\u00eda del Pueblo bonaerense le solicit\u00f3 a las compa\u00f1\u00edas telef\u00f3nicas que liberen los datos m\u00f3viles durante todo lo que &#8230; <a title=\"Coranavirus: La Defensor\u00eda le solicit\u00f3 a las empresas telef\u00f3nicas que ofrezcan datos m\u00f3viles gratis\" class=\"read-more\" href=\"https:\/\/www.hoymercedes.com.ar\/principal\/2020\/03\/26\/coranavirus-la-defensoria-le-solicito-a-las-empresas-telefonicas-que-ofrezcan-datos-moviles-gratis\/\" aria-label=\"Leer m\u00e1s sobre Coranavirus: La Defensor\u00eda le solicit\u00f3 a las empresas telef\u00f3nicas que ofrezcan datos m\u00f3viles gratis\">Leer m\u00e1s<\/a><\/p>\n","protected":false},"author":1,"featured_media":108471,"comment_status":"closed","ping_status":"open","sticky":false,"template":"","format":"standard","meta":{"_monsterinsights_skip_tracking":false,"_monsterinsights_sitenote_active":false,"_monsterinsights_sitenote_note":"","_monsterinsights_sitenote_category":0,"jetpack_post_was_ever_published":false,"_jetpack_newsletter_access":"","_jetpack_dont_email_post_to_subs":false,"_jetpack_newsletter_tier_id":0,"_jetpack_memberships_contains_paywalled_content":false,"_jetpack_memberships_contains_paid_content":false,"footnotes":"","jetpack_publicize_message":"","jetpack_publicize_feature_enabled":true,"jetpack_social_post_already_shared":true,"jetpack_social_options":{"image_generator_settings":{"template":"highway","default_image_id":0,"font":"","enabled":false},"version":2},"_wpas_customize_per_network":false},"categories":[8],"tags":[16175,14500,16392,2288],"class_list":["post-108470","post","type-post","status-publish","format-standard","has-post-thumbnail","hentry","category-sociedad","tag-coronavirus","tag-defensor-del-pueblo-bonaerense","tag-servicios-de-internet","tag-telefonia-movil","generate-columns","tablet-grid-50","mobile-grid-100","grid-parent","grid-50"],"jetpack_publicize_connections":[],"jetpack_featured_media_url":"https:\/\/www.hoymercedes.com.ar\/principal\/wp-content\/uploads\/2020\/03\/26-defensor-telefono.jpg","wps_subtitle":"Ante el anuncio de suspensi\u00f3n de cortes","jetpack_sharing_enabled":true,"_links":{"self":[{"href":"https:\/\/www.hoymercedes.com.ar\/principal\/wp-json\/wp\/v2\/posts\/108470","targetHints":{"allow":["GET"]}}],"collection":[{"href":"https:\/\/www.hoymercedes.com.ar\/principal\/wp-json\/wp\/v2\/posts"}],"about":[{"href":"https:\/\/www.hoymercedes.com.ar\/principal\/wp-json\/wp\/v2\/types\/post"}],"author":[{"embeddable":true,"href":"https:\/\/www.hoymercedes.com.ar\/principal\/wp-json\/wp\/v2\/users\/1"}],"replies":[{"embeddable":true,"href":"https:\/\/www.hoymercedes.com.ar\/principal\/wp-json\/wp\/v2\/comments?post=108470"}],"version-history":[{"count":0,"href":"https:\/\/www.hoymercedes.com.ar\/principal\/wp-json\/wp\/v2\/posts\/108470\/revisions"}],"wp:featuredmedia":[{"embeddable":true,"href":"https:\/\/www.hoymercedes.com.ar\/principal\/wp-json\/wp\/v2\/media\/108471"}],"wp:attachment":[{"href":"https:\/\/www.hoymercedes.com.ar\/principal\/wp-json\/wp\/v2\/media?parent=108470"}],"wp:term":[{"taxonomy":"category","embeddable":true,"href":"https:\/\/www.hoymercedes.com.ar\/principal\/wp-json\/wp\/v2\/categories?post=108470"},{"taxonomy":"post_tag","embeddable":true,"href":"https:\/\/www.hoymercedes.com.ar\/principal\/wp-json\/wp\/v2\/tags?post=108470"}],"curies":[{"name":"wp","href":"https:\/\/api.w.org\/{rel}","templated":true}]}}