{"id":108477,"date":"2020-03-26T20:22:30","date_gmt":"2020-03-26T23:22:30","guid":{"rendered":"http:\/\/www.hoymercedes.com.ar\/principal\/?p=108477"},"modified":"2020-03-26T20:28:22","modified_gmt":"2020-03-26T23:28:22","slug":"operativos-en-conjunto-de-afip-secretaria-de-comercio-y-el-municipio","status":"publish","type":"post","link":"https:\/\/www.hoymercedes.com.ar\/principal\/2020\/03\/26\/operativos-en-conjunto-de-afip-secretaria-de-comercio-y-el-municipio\/","title":{"rendered":"Operativos en conjunto de AFIP, Secretar\u00eda de Comercio y el Municipio"},"content":{"rendered":"\n<p>Las inspecciones se realizan para dar pleno cumplimiento a las disposiciones de Naci\u00f3n, que se\u00f1alan que los precios deben retrotraerse al 6 de marzo de 2020 y a los fines de garantizar el abastecimiento.<\/p>\n\n\n\n<p>El intendente Juan Ustarroz junto a representantes de la AFIP y la Secretar\u00eda de Comercio, contin\u00faan realizando operativos con el fin de controlar los precios y el abastecimiento en los distintos locales de la ciudad.<\/p>\n\n\n\n<p>Seg\u00fan indicaron los actuantes del procedimiento, desde que se decret\u00f3 el Estado de Emergencia Sanitaria, se  llevan adelante los operativos con el objetivo de dar pleno cumplimiento a las disposiciones de Naci\u00f3n, que se\u00f1alan que los precios deben retrotraerse al 6 de marzo de 2020. \u201cLa finalidad del mismo es controlar los valores y garantizar el abastecimiento de los productos esenciales, donde detectamos un precio que no corresponde se hace cambiar en g\u00f3ndola y en la caja\u201d, indicaron.<\/p>\n\n\n\n<p>\u201cNuestro objetivo no es clausurar los negocios, sino que se respete la Resoluci\u00f3n 100 de la Secretar\u00eda de Comercio, que establece que todos los supermercados, minimercados, almacenes de barrio y mayoristas tienen que retrotraer los precios al 6 de marzo\u201d, sostuvo el Secretario General de AEFIP Seccional Mercedes Juan Mart\u00edn Andr\u00e9s.<\/p>\n\n\n\n<p>\u201cAgradecemos el compromiso de todos los funcionarios de los distintos estamentos y a los inspectores de la AFIP que todos los d\u00edas cumplen con esta tarea que tiene como fin proteger y garantizar los derechos esenciales a todos los ciudadanos\u201d, indic\u00f3 Andr\u00e9s.<\/p>\n\n\n\n<p>Asimismo, desde la Municipalidad de Mercedes comunicaron que, el \u00c1rea de Modernizaci\u00f3n cre\u00f3 una aplicaci\u00f3n (preciosmaximos.mercedes.gob.ar) que contiene un listado de precios m\u00e1ximos, mediante la cual todos los ciudadanos podr\u00e1n localizar el comercio y denunciar un sobreprecio. Luego la misma aplicaci\u00f3n manda un mail avisando a la oficina de Defensa del Consumidor.<\/p>\n\n\n\n<div class=\"wp-block-image\"><figure class=\"aligncenter size-large\"><img loading=\"lazy\" decoding=\"async\" width=\"854\" height=\"1024\" data-attachment-id=\"108478\" data-permalink=\"https:\/\/www.hoymercedes.com.ar\/principal\/2020\/03\/26\/operativos-en-conjunto-de-afip-secretaria-de-comercio-y-el-municipio\/26-precios-maximos\/#main\" data-orig-file=\"https:\/\/www.hoymercedes.com.ar\/principal\/wp-content\/uploads\/2020\/03\/26-precios-maximos.jpg\" data-orig-size=\"854,1024\" data-comments-opened=\"0\" data-image-meta=\"{&quot;aperture&quot;:&quot;0&quot;,&quot;credit&quot;:&quot;&quot;,&quot;camera&quot;:&quot;&quot;,&quot;caption&quot;:&quot;&quot;,&quot;created_timestamp&quot;:&quot;0&quot;,&quot;copyright&quot;:&quot;&quot;,&quot;focal_length&quot;:&quot;0&quot;,&quot;iso&quot;:&quot;0&quot;,&quot;shutter_speed&quot;:&quot;0&quot;,&quot;title&quot;:&quot;&quot;,&quot;orientation&quot;:&quot;0&quot;}\" data-image-title=\"26 precios maximos\" data-image-description=\"\" data-image-caption=\"\" data-large-file=\"https:\/\/www.hoymercedes.com.ar\/principal\/wp-content\/uploads\/2020\/03\/26-precios-maximos.jpg\" src=\"https:\/\/www.hoymercedes.com.ar\/principal\/wp-content\/uploads\/2020\/03\/26-precios-maximos.jpg\" alt=\"\" class=\"wp-image-108478\"\/><\/figure><\/div>\n","protected":false},"excerpt":{"rendered":"<p>Las inspecciones se realizan para dar pleno cumplimiento a las disposiciones de Naci\u00f3n, que se\u00f1alan que los precios deben retrotraerse &#8230; <a title=\"Operativos en conjunto de AFIP, Secretar\u00eda de Comercio y el Municipio\" class=\"read-more\" href=\"https:\/\/www.hoymercedes.com.ar\/principal\/2020\/03\/26\/operativos-en-conjunto-de-afip-secretaria-de-comercio-y-el-municipio\/\" aria-label=\"Leer m\u00e1s sobre Operativos en conjunto de AFIP, Secretar\u00eda de Comercio y el Municipio\">Leer m\u00e1s<\/a><\/p>\n","protected":false},"author":1,"featured_media":108479,"comment_status":"closed","ping_status":"open","sticky":false,"template":"","format":"standard","meta":{"_monsterinsights_skip_tracking":false,"_monsterinsights_sitenote_active":false,"_monsterinsights_sitenote_note":"","_monsterinsights_sitenote_category":0,"jetpack_post_was_ever_published":false,"_jetpack_newsletter_access":"","_jetpack_dont_email_post_to_subs":false,"_jetpack_newsletter_tier_id":0,"_jetpack_memberships_contains_paywalled_content":false,"_jetpack_memberships_contains_paid_content":false,"footnotes":"","jetpack_publicize_message":"","jetpack_publicize_feature_enabled":true,"jetpack_social_post_already_shared":true,"jetpack_social_options":{"image_generator_settings":{"template":"highway","default_image_id":0,"font":"","enabled":false},"version":2},"_wpas_customize_per_network":false},"categories":[8],"tags":[1066,16394,16175,16313,16395,244,16393,8784],"class_list":["post-108477","post","type-post","status-publish","format-standard","has-post-thumbnail","hentry","category-sociedad","tag-afip","tag-control-de-precios","tag-coronavirus","tag-covid-19","tag-mercados","tag-municipio-2","tag-precios-maximos","tag-supermercados","generate-columns","tablet-grid-50","mobile-grid-100","grid-parent","grid-50"],"jetpack_publicize_connections":[],"jetpack_featured_media_url":"https:\/\/www.hoymercedes.com.ar\/principal\/wp-content\/uploads\/2020\/03\/26-precios-super-muni-1.jpg","wps_subtitle":"Respeto de los precios m\u00e1ximos","jetpack_sharing_enabled":true,"_links":{"self":[{"href":"https:\/\/www.hoymercedes.com.ar\/principal\/wp-json\/wp\/v2\/posts\/108477","targetHints":{"allow":["GET"]}}],"collection":[{"href":"https:\/\/www.hoymercedes.com.ar\/principal\/wp-json\/wp\/v2\/posts"}],"about":[{"href":"https:\/\/www.hoymercedes.com.ar\/principal\/wp-json\/wp\/v2\/types\/post"}],"author":[{"embeddable":true,"href":"https:\/\/www.hoymercedes.com.ar\/principal\/wp-json\/wp\/v2\/users\/1"}],"replies":[{"embeddable":true,"href":"https:\/\/www.hoymercedes.com.ar\/principal\/wp-json\/wp\/v2\/comments?post=108477"}],"version-history":[{"count":0,"href":"https:\/\/www.hoymercedes.com.ar\/principal\/wp-json\/wp\/v2\/posts\/108477\/revisions"}],"wp:featuredmedia":[{"embeddable":true,"href":"https:\/\/www.hoymercedes.com.ar\/principal\/wp-json\/wp\/v2\/media\/108479"}],"wp:attachment":[{"href":"https:\/\/www.hoymercedes.com.ar\/principal\/wp-json\/wp\/v2\/media?parent=108477"}],"wp:term":[{"taxonomy":"category","embeddable":true,"href":"https:\/\/www.hoymercedes.com.ar\/principal\/wp-json\/wp\/v2\/categories?post=108477"},{"taxonomy":"post_tag","embeddable":true,"href":"https:\/\/www.hoymercedes.com.ar\/principal\/wp-json\/wp\/v2\/tags?post=108477"}],"curies":[{"name":"wp","href":"https:\/\/api.w.org\/{rel}","templated":true}]}}