{"id":108485,"date":"2020-03-26T21:31:00","date_gmt":"2020-03-27T00:31:00","guid":{"rendered":"http:\/\/www.hoymercedes.com.ar\/principal\/?p=108485"},"modified":"2020-03-26T21:37:38","modified_gmt":"2020-03-27T00:37:38","slug":"detienen-a-cuatro-personas-mas-por-incumplimiento-del-aislamiento-obligatorio","status":"publish","type":"post","link":"https:\/\/www.hoymercedes.com.ar\/principal\/2020\/03\/26\/detienen-a-cuatro-personas-mas-por-incumplimiento-del-aislamiento-obligatorio\/","title":{"rendered":"Detienen a cuatro personas m\u00e1s por incumplimiento del aislamiento obligatorio"},"content":{"rendered":"\n<p>Durante la jornada del jueves, m\u00e1s vecinos y vecinas que, sin causa alguna, violaron las normas de prevenci\u00f3n y control sobre el coronavirus. Tres varones y una mujer fueron detenidos y puestos a disposici\u00f3n de la Justicia Federal. <\/p>\n\n\n\n<p>Una pareja fue detenida en el control policial que se encuentra en avenida 2 y 119. Ellos, seg\u00fan se supo extra oficialmente, sin motivo alguno deseaban viajar a la localidad de Luj\u00e1n.  Se trata de un joven de 21 a\u00f1os y una mujer de 19 a\u00f1os.<\/p>\n\n\n\n<p>En tanto, los otros dos fueron detenidos en 10 y 53 cuando deambulaban si poder explicar los motivos. Los dos masculinos estaban juntos recorriendo la zona. Estas detenciones se produjeron temprano el d\u00eda de hoy. <br><\/p>\n","protected":false},"excerpt":{"rendered":"<p>Durante la jornada del jueves, m\u00e1s vecinos y vecinas que, sin causa alguna, violaron las normas de prevenci\u00f3n y control &#8230; <a title=\"Detienen a cuatro personas m\u00e1s por incumplimiento del aislamiento obligatorio\" class=\"read-more\" href=\"https:\/\/www.hoymercedes.com.ar\/principal\/2020\/03\/26\/detienen-a-cuatro-personas-mas-por-incumplimiento-del-aislamiento-obligatorio\/\" aria-label=\"Leer m\u00e1s sobre Detienen a cuatro personas m\u00e1s por incumplimiento del aislamiento obligatorio\">Leer m\u00e1s<\/a><\/p>\n","protected":false},"author":1,"featured_media":107190,"comment_status":"closed","ping_status":"open","sticky":false,"template":"","format":"standard","meta":{"_monsterinsights_skip_tracking":false,"_monsterinsights_sitenote_active":false,"_monsterinsights_sitenote_note":"","_monsterinsights_sitenote_category":0,"jetpack_post_was_ever_published":false,"_jetpack_newsletter_access":"","_jetpack_dont_email_post_to_subs":false,"_jetpack_newsletter_tier_id":0,"_jetpack_memberships_contains_paywalled_content":false,"_jetpack_memberships_contains_paid_content":false,"footnotes":"","jetpack_publicize_message":"","jetpack_publicize_feature_enabled":true,"jetpack_social_post_already_shared":true,"jetpack_social_options":{"image_generator_settings":{"template":"highway","default_image_id":0,"font":"","enabled":false},"version":2},"_wpas_customize_per_network":false},"categories":[85],"tags":[16175,16313,215,10633,96],"class_list":["post-108485","post","type-post","status-publish","format-standard","has-post-thumbnail","hentry","category-policial","tag-coronavirus","tag-covid-19","tag-detenciones","tag-informe","tag-policial-2","generate-columns","tablet-grid-50","mobile-grid-100","grid-parent","grid-50"],"jetpack_publicize_connections":[],"jetpack_featured_media_url":"https:\/\/www.hoymercedes.com.ar\/principal\/wp-content\/uploads\/2020\/03\/PoliciaComunal-Posta40y41.jpg","wps_subtitle":"Informe policial","jetpack_sharing_enabled":true,"_links":{"self":[{"href":"https:\/\/www.hoymercedes.com.ar\/principal\/wp-json\/wp\/v2\/posts\/108485","targetHints":{"allow":["GET"]}}],"collection":[{"href":"https:\/\/www.hoymercedes.com.ar\/principal\/wp-json\/wp\/v2\/posts"}],"about":[{"href":"https:\/\/www.hoymercedes.com.ar\/principal\/wp-json\/wp\/v2\/types\/post"}],"author":[{"embeddable":true,"href":"https:\/\/www.hoymercedes.com.ar\/principal\/wp-json\/wp\/v2\/users\/1"}],"replies":[{"embeddable":true,"href":"https:\/\/www.hoymercedes.com.ar\/principal\/wp-json\/wp\/v2\/comments?post=108485"}],"version-history":[{"count":0,"href":"https:\/\/www.hoymercedes.com.ar\/principal\/wp-json\/wp\/v2\/posts\/108485\/revisions"}],"wp:featuredmedia":[{"embeddable":true,"href":"https:\/\/www.hoymercedes.com.ar\/principal\/wp-json\/wp\/v2\/media\/107190"}],"wp:attachment":[{"href":"https:\/\/www.hoymercedes.com.ar\/principal\/wp-json\/wp\/v2\/media?parent=108485"}],"wp:term":[{"taxonomy":"category","embeddable":true,"href":"https:\/\/www.hoymercedes.com.ar\/principal\/wp-json\/wp\/v2\/categories?post=108485"},{"taxonomy":"post_tag","embeddable":true,"href":"https:\/\/www.hoymercedes.com.ar\/principal\/wp-json\/wp\/v2\/tags?post=108485"}],"curies":[{"name":"wp","href":"https:\/\/api.w.org\/{rel}","templated":true}]}}