{"id":108515,"date":"2020-03-27T11:43:18","date_gmt":"2020-03-27T14:43:18","guid":{"rendered":"http:\/\/www.hoymercedes.com.ar\/principal\/?p=108515"},"modified":"2020-03-27T11:58:24","modified_gmt":"2020-03-27T14:58:24","slug":"abogados-solicitan-que-se-restablezca-el-servicio-de-justicia","status":"publish","type":"post","link":"https:\/\/www.hoymercedes.com.ar\/principal\/2020\/03\/27\/abogados-solicitan-que-se-restablezca-el-servicio-de-justicia\/","title":{"rendered":"Abogados solicitan que se restablezca el servicio de justicia"},"content":{"rendered":"\n<p>El Colegio de Abogados de la Provincia de Buenos Aires y los 20 Colegios departamentales, trabajan denodadamente para el urgente restablecimiento de funcionamiento del Poder Judicial.<\/p>\n\n\n\n<p>La Provincia de Buenos Aires y la Suprema Corte de Justicia a la vanguardia en tecnolog\u00eda inform\u00e1tica para hacerlo posible y seguro.<\/p>\n\n\n\n<p>El Colegio de Abogados de la Provincia de Buenos Aires, ante la situaci\u00f3n de Pandemia declarada por la Organizaci\u00f3n Mundial de la Salud por el virus COVID 19, solicit\u00f3 a la Suprema Corte de Justicia que no se interrumpa el acceso a la jurisdicci\u00f3n y se contin\u00fae trabajando apoy\u00e1ndose en el expediente electr\u00f3nico y otros medidas especiales frente a la coyuntura.<\/p>\n\n\n\n<p>El M\u00e1ximo Tribunal de la Provincia resolvi\u00f3, por medio del Acuerdo 386\/20, disponer asueto hasta el 31 de marzo pr\u00f3ximo y la prestaci\u00f3n m\u00ednima del servicio de justicia, limitada a la atenci\u00f3n de asuntos de \u00a8urgente despacho\u00a8.<\/p>\n\n\n\n<p>En esa inteligencia, se agreg\u00f3 en el sistema de Notificaciones y Presentaciones Electr\u00f3nicas, la opci\u00f3n \u201cSolicitar habilitaci\u00f3n de feria\u201d en \u201cOtros datos\u201d, a fines de habilitar un preferente tratamiento; correspondiendo a cada profesional, manifestar y fundar, las razones por las que la presentaci\u00f3n involucrada no admite postergaci\u00f3n, dada su naturaleza.<\/p>\n\n\n\n<p>Debemos insistir que esta soluci\u00f3n de tipo transitorio, no resulta sustentable en el tiempo.<\/p>\n\n\n\n<p>Los justiciables, as\u00ed como los abogados y las abogadas, necesitan del acceso a la jurisdicci\u00f3n tanto para que se protejan y restablezcan sus derechos vulnerados, como para poder cumplir con la responsabilidad profesional.<\/p>\n\n\n\n<p>La resoluci\u00f3n de la Presidencia del M\u00e1ximo Tribunal N\u00b0 10\/2020, as\u00ed como otras posteriores, tales como las N\u00b0 12\/2020 y 13\/2020 han receptado aportes y propuestas realizadas desde el COLPROBA, las que se ven\u00edan trabajando en el \u00e1mbito de la Comisi\u00f3n de Expediente electr\u00f3nico y posteriormente en el Comit\u00e9 de Emergencia espec\u00edfico, convocado por la Suprema Corte, en el que hemos participado en representaci\u00f3n de la Abogac\u00eda provincial.<\/p>\n\n\n\n<p>A partir de los criterios adoptados en las mismas, se encuentran sentadas las bases para que pueda restablecerse, a partir del pr\u00f3ximo 1\u00b0 de abril, un adecuado funcionamiento del servicio de justicia.<\/p>\n\n\n\n<p>Ello sin restricciones basadas en criterios de \u201curgencia\u201d y protegiendo la salud de trabajadores y trabajadoras judiciales, jueces, juezas, funcionarios y funcionarias, abogadas, abogados, otros auxiliares de justicia y de toda la ciudadan\u00eda.<\/p>\n\n\n\n<p>Fuente: Prensa CADJM<\/p>\n","protected":false},"excerpt":{"rendered":"<p>El Colegio de Abogados de la Provincia de Buenos Aires y los 20 Colegios departamentales, trabajan denodadamente para el urgente &#8230; <a title=\"Abogados solicitan que se restablezca el servicio de justicia\" class=\"read-more\" href=\"https:\/\/www.hoymercedes.com.ar\/principal\/2020\/03\/27\/abogados-solicitan-que-se-restablezca-el-servicio-de-justicia\/\" aria-label=\"Leer m\u00e1s sobre Abogados solicitan que se restablezca el servicio de justicia\">Leer m\u00e1s<\/a><\/p>\n","protected":false},"author":1,"featured_media":108516,"comment_status":"closed","ping_status":"open","sticky":false,"template":"","format":"standard","meta":{"_monsterinsights_skip_tracking":false,"_monsterinsights_sitenote_active":false,"_monsterinsights_sitenote_note":"","_monsterinsights_sitenote_category":0,"jetpack_post_was_ever_published":false,"_jetpack_newsletter_access":"","_jetpack_dont_email_post_to_subs":false,"_jetpack_newsletter_tier_id":0,"_jetpack_memberships_contains_paywalled_content":false,"_jetpack_memberships_contains_paid_content":false,"footnotes":"","jetpack_publicize_message":"","jetpack_publicize_feature_enabled":true,"jetpack_social_post_already_shared":true,"jetpack_social_options":{"image_generator_settings":{"template":"highway","default_image_id":0,"font":"","enabled":false},"version":2},"_wpas_customize_per_network":false},"categories":[8],"tags":[9475,16353,928,16175,16399,16398],"class_list":["post-108515","post","type-post","status-publish","format-standard","has-post-thumbnail","hentry","category-sociedad","tag-abogados","tag-aislamiento-social-obligatorio","tag-colegio-de-abogados","tag-coronavirus","tag-peticion","tag-sistema-de-justicia","generate-columns","tablet-grid-50","mobile-grid-100","grid-parent","grid-50"],"jetpack_publicize_connections":[],"jetpack_featured_media_url":"https:\/\/www.hoymercedes.com.ar\/principal\/wp-content\/uploads\/2020\/03\/27-abogados.png","wps_subtitle":"De mantenerse el aislamiento obligatorio","jetpack_sharing_enabled":true,"_links":{"self":[{"href":"https:\/\/www.hoymercedes.com.ar\/principal\/wp-json\/wp\/v2\/posts\/108515","targetHints":{"allow":["GET"]}}],"collection":[{"href":"https:\/\/www.hoymercedes.com.ar\/principal\/wp-json\/wp\/v2\/posts"}],"about":[{"href":"https:\/\/www.hoymercedes.com.ar\/principal\/wp-json\/wp\/v2\/types\/post"}],"author":[{"embeddable":true,"href":"https:\/\/www.hoymercedes.com.ar\/principal\/wp-json\/wp\/v2\/users\/1"}],"replies":[{"embeddable":true,"href":"https:\/\/www.hoymercedes.com.ar\/principal\/wp-json\/wp\/v2\/comments?post=108515"}],"version-history":[{"count":0,"href":"https:\/\/www.hoymercedes.com.ar\/principal\/wp-json\/wp\/v2\/posts\/108515\/revisions"}],"wp:featuredmedia":[{"embeddable":true,"href":"https:\/\/www.hoymercedes.com.ar\/principal\/wp-json\/wp\/v2\/media\/108516"}],"wp:attachment":[{"href":"https:\/\/www.hoymercedes.com.ar\/principal\/wp-json\/wp\/v2\/media?parent=108515"}],"wp:term":[{"taxonomy":"category","embeddable":true,"href":"https:\/\/www.hoymercedes.com.ar\/principal\/wp-json\/wp\/v2\/categories?post=108515"},{"taxonomy":"post_tag","embeddable":true,"href":"https:\/\/www.hoymercedes.com.ar\/principal\/wp-json\/wp\/v2\/tags?post=108515"}],"curies":[{"name":"wp","href":"https:\/\/api.w.org\/{rel}","templated":true}]}}