{"id":108519,"date":"2020-03-27T12:10:00","date_gmt":"2020-03-27T15:10:00","guid":{"rendered":"http:\/\/www.hoymercedes.com.ar\/principal\/?p=108519"},"modified":"2020-03-27T13:49:16","modified_gmt":"2020-03-27T16:49:16","slug":"segun-el-dnu-feriado-el-dia-31-dia-laboral-para-privados-el-dia-30","status":"publish","type":"post","link":"https:\/\/www.hoymercedes.com.ar\/principal\/2020\/03\/27\/segun-el-dnu-feriado-el-dia-31-dia-laboral-para-privados-el-dia-30\/","title":{"rendered":"Seg\u00fan el DNU: Feriado el d\u00eda 31, d\u00eda laboral para privados el d\u00eda 30"},"content":{"rendered":"\n<p>A ra\u00edz de muchas versiones y contraversiones de si el lunes 30 era feriado puente o no, sobre todo para el sector privado que est\u00e1 exceptuado en el decreto nacional que determinar el aislamiento social preventivo obligatorio, fue necesario aclarar que el art\u00edculo 7\u00b0 s\u00f3lo establece como feriado el 31 de marzo, al trasladar el 2 de abril, feriado nacional en conmemoraci\u00f3n al D\u00eda del Veterano y de los Ca\u00eddos en la Guerra de Malvinas. <\/p>\n\n\n\n<p>Respecto al d\u00eda 30 de marzo, en su art\u00edculo 9\u00b0, se dispone que solo se otorga asueto al personal de la Administraci\u00f3n P\u00fablica Nacional; por lo tanto, para los trabajadores del sector privado es un d\u00eda laboral, con las limitaciones impuestas por el Decreto de Aislamiento Social Preventivo y Obligatorio y dem\u00e1s normativas referentes al Coronavirus COVID-19.<\/p>\n\n\n\n<p>Este art\u00edculo dice:  \u00abA fin de permitir el cumplimiento del \u201caislamiento social, preventivo y obligatorio\u201d, se otorga asueto al personal de la ADMINISTRACI\u00d3N P\u00daBLICA NACIONAL los d\u00edas 20, 25, 26, 27 y 30 de marzo de 2020, y se instruye a los distintos organismos a implementar las medidas necesarias a fin de mantener la continuidad de las actividades pertinentes mencionadas en el art\u00edculo 6\u00ba\u00bb. <\/p>\n","protected":false},"excerpt":{"rendered":"<p>A ra\u00edz de muchas versiones y contraversiones de si el lunes 30 era feriado puente o no, sobre todo para &#8230; <a title=\"Seg\u00fan el DNU: Feriado el d\u00eda 31, d\u00eda laboral para privados el d\u00eda 30\" class=\"read-more\" href=\"https:\/\/www.hoymercedes.com.ar\/principal\/2020\/03\/27\/segun-el-dnu-feriado-el-dia-31-dia-laboral-para-privados-el-dia-30\/\" aria-label=\"Leer m\u00e1s sobre Seg\u00fan el DNU: Feriado el d\u00eda 31, d\u00eda laboral para privados el d\u00eda 30\">Leer m\u00e1s<\/a><\/p>\n","protected":false},"author":1,"featured_media":108136,"comment_status":"closed","ping_status":"open","sticky":false,"template":"","format":"standard","meta":{"_monsterinsights_skip_tracking":false,"_monsterinsights_sitenote_active":false,"_monsterinsights_sitenote_note":"","_monsterinsights_sitenote_category":0,"jetpack_post_was_ever_published":false,"_jetpack_newsletter_access":"","_jetpack_dont_email_post_to_subs":false,"_jetpack_newsletter_tier_id":0,"_jetpack_memberships_contains_paywalled_content":false,"_jetpack_memberships_contains_paid_content":false,"footnotes":"","jetpack_publicize_message":"","jetpack_publicize_feature_enabled":true,"jetpack_social_post_already_shared":true,"jetpack_social_options":{"image_generator_settings":{"template":"highway","default_image_id":0,"font":"","enabled":false},"version":2},"_wpas_customize_per_network":false},"categories":[8],"tags":[16175,16313,10481],"class_list":["post-108519","post","type-post","status-publish","format-standard","has-post-thumbnail","hentry","category-sociedad","tag-coronavirus","tag-covid-19","tag-feriados","generate-columns","tablet-grid-50","mobile-grid-100","grid-parent","grid-50"],"jetpack_publicize_connections":[],"jetpack_featured_media_url":"https:\/\/www.hoymercedes.com.ar\/principal\/wp-content\/uploads\/2020\/03\/2020-covid-coronavirus.jpg","wps_subtitle":"Aclaraci\u00f3n importante","jetpack_sharing_enabled":true,"_links":{"self":[{"href":"https:\/\/www.hoymercedes.com.ar\/principal\/wp-json\/wp\/v2\/posts\/108519","targetHints":{"allow":["GET"]}}],"collection":[{"href":"https:\/\/www.hoymercedes.com.ar\/principal\/wp-json\/wp\/v2\/posts"}],"about":[{"href":"https:\/\/www.hoymercedes.com.ar\/principal\/wp-json\/wp\/v2\/types\/post"}],"author":[{"embeddable":true,"href":"https:\/\/www.hoymercedes.com.ar\/principal\/wp-json\/wp\/v2\/users\/1"}],"replies":[{"embeddable":true,"href":"https:\/\/www.hoymercedes.com.ar\/principal\/wp-json\/wp\/v2\/comments?post=108519"}],"version-history":[{"count":0,"href":"https:\/\/www.hoymercedes.com.ar\/principal\/wp-json\/wp\/v2\/posts\/108519\/revisions"}],"wp:featuredmedia":[{"embeddable":true,"href":"https:\/\/www.hoymercedes.com.ar\/principal\/wp-json\/wp\/v2\/media\/108136"}],"wp:attachment":[{"href":"https:\/\/www.hoymercedes.com.ar\/principal\/wp-json\/wp\/v2\/media?parent=108519"}],"wp:term":[{"taxonomy":"category","embeddable":true,"href":"https:\/\/www.hoymercedes.com.ar\/principal\/wp-json\/wp\/v2\/categories?post=108519"},{"taxonomy":"post_tag","embeddable":true,"href":"https:\/\/www.hoymercedes.com.ar\/principal\/wp-json\/wp\/v2\/tags?post=108519"}],"curies":[{"name":"wp","href":"https:\/\/api.w.org\/{rel}","templated":true}]}}