{"id":108540,"date":"2020-03-28T00:15:00","date_gmt":"2020-03-28T03:15:00","guid":{"rendered":"http:\/\/www.hoymercedes.com.ar\/principal\/?p=108540"},"modified":"2020-03-27T21:18:39","modified_gmt":"2020-03-28T00:18:39","slug":"musicos-de-la-region-se-unen-para-cantar-desde-sus-casas-el-tema-imagine","status":"publish","type":"post","link":"https:\/\/www.hoymercedes.com.ar\/principal\/2020\/03\/28\/musicos-de-la-region-se-unen-para-cantar-desde-sus-casas-el-tema-imagine\/","title":{"rendered":"M\u00fasicos de la regi\u00f3n se unen para cantar desde sus casas el tema \u00abImagine\u00bb"},"content":{"rendered":"\n<p>En un especial de la productora televisiva Milenio Media, siete m\u00fasicos y cantantes de Mercedes y localidades vecinas se unieron de manera virtual para hacer un tema musical en conjunto. En esta oportunidad, la canci\u00f3n elegida fue \u00abImagine\u00bb de Jhon Lennon y participaron Claudio Rosa, Guillermo Lennard, Amarilis D\u00edaz, Guadalupe Ledesma, Roxana Can\u00e9, Emanuel Pe\u00f1alba y Eduardo Testi. <\/p>\n\n\n\n<p>A modo de adelanto, la productora de Pedro Caramelo junto al conductor del programa radial El Bunker, Carlos Brea, anunciaron que todas las semanas estar\u00e1n compartiendo en las redes y en la radio canciones realizadas por m\u00fasico de la zona que cantan en y desde sus casas. Por eso invitan a m\u00e1s m\u00fasicos que se quieran sumar a comunicarse con alguno de ellos a trav\u00e9s de sus redes o al tel\u00e9fono +54 9 11 3956-4862. <\/p>\n\n\n\n<figure class=\"wp-block-embed-facebook wp-block-embed is-type-video is-provider-facebook\"><div class=\"wp-block-embed__wrapper\">\n<div class=\"fb-video\" data-allowfullscreen=\"true\" data-href=\"https:\/\/www.facebook.com\/tvlocal.com.ar\/videos\/217624196158091\/\" style=\"background-color: #fff; display: inline-block;\"><\/div>\n<\/div><\/figure>\n","protected":false},"excerpt":{"rendered":"<p>En un especial de la productora televisiva Milenio Media, siete m\u00fasicos y cantantes de Mercedes y localidades vecinas se unieron &#8230; <a title=\"M\u00fasicos de la regi\u00f3n se unen para cantar desde sus casas el tema \u00abImagine\u00bb\" class=\"read-more\" href=\"https:\/\/www.hoymercedes.com.ar\/principal\/2020\/03\/28\/musicos-de-la-region-se-unen-para-cantar-desde-sus-casas-el-tema-imagine\/\" aria-label=\"Leer m\u00e1s sobre M\u00fasicos de la regi\u00f3n se unen para cantar desde sus casas el tema \u00abImagine\u00bb\">Leer m\u00e1s<\/a><\/p>\n","protected":false},"author":1,"featured_media":108545,"comment_status":"closed","ping_status":"open","sticky":false,"template":"","format":"standard","meta":{"_monsterinsights_skip_tracking":false,"_monsterinsights_sitenote_active":false,"_monsterinsights_sitenote_note":"","_monsterinsights_sitenote_category":0,"jetpack_post_was_ever_published":false,"_jetpack_newsletter_access":"","_jetpack_dont_email_post_to_subs":false,"_jetpack_newsletter_tier_id":0,"_jetpack_memberships_contains_paywalled_content":false,"_jetpack_memberships_contains_paid_content":false,"footnotes":"","jetpack_publicize_message":"","jetpack_publicize_feature_enabled":true,"jetpack_social_post_already_shared":true,"jetpack_social_options":{"image_generator_settings":{"template":"highway","default_image_id":0,"font":"","enabled":false},"version":2},"_wpas_customize_per_network":false},"categories":[104],"tags":[16404,16175,16313,7805,8539,3361],"class_list":["post-108540","post","type-post","status-publish","format-standard","has-post-thumbnail","hentry","category-cultura","tag-quedateencasa","tag-coronavirus","tag-covid-19","tag-cultura","tag-musica","tag-solidaridad","generate-columns","tablet-grid-50","mobile-grid-100","grid-parent","grid-50"],"jetpack_publicize_connections":[],"jetpack_featured_media_url":"https:\/\/www.hoymercedes.com.ar\/principal\/wp-content\/uploads\/2020\/03\/28-musicos-online-1.jpg","wps_subtitle":"#QuedateEnCasa","jetpack_sharing_enabled":true,"_links":{"self":[{"href":"https:\/\/www.hoymercedes.com.ar\/principal\/wp-json\/wp\/v2\/posts\/108540","targetHints":{"allow":["GET"]}}],"collection":[{"href":"https:\/\/www.hoymercedes.com.ar\/principal\/wp-json\/wp\/v2\/posts"}],"about":[{"href":"https:\/\/www.hoymercedes.com.ar\/principal\/wp-json\/wp\/v2\/types\/post"}],"author":[{"embeddable":true,"href":"https:\/\/www.hoymercedes.com.ar\/principal\/wp-json\/wp\/v2\/users\/1"}],"replies":[{"embeddable":true,"href":"https:\/\/www.hoymercedes.com.ar\/principal\/wp-json\/wp\/v2\/comments?post=108540"}],"version-history":[{"count":0,"href":"https:\/\/www.hoymercedes.com.ar\/principal\/wp-json\/wp\/v2\/posts\/108540\/revisions"}],"wp:featuredmedia":[{"embeddable":true,"href":"https:\/\/www.hoymercedes.com.ar\/principal\/wp-json\/wp\/v2\/media\/108545"}],"wp:attachment":[{"href":"https:\/\/www.hoymercedes.com.ar\/principal\/wp-json\/wp\/v2\/media?parent=108540"}],"wp:term":[{"taxonomy":"category","embeddable":true,"href":"https:\/\/www.hoymercedes.com.ar\/principal\/wp-json\/wp\/v2\/categories?post=108540"},{"taxonomy":"post_tag","embeddable":true,"href":"https:\/\/www.hoymercedes.com.ar\/principal\/wp-json\/wp\/v2\/tags?post=108540"}],"curies":[{"name":"wp","href":"https:\/\/api.w.org\/{rel}","templated":true}]}}