{"id":108547,"date":"2020-03-27T21:14:58","date_gmt":"2020-03-28T00:14:58","guid":{"rendered":"http:\/\/www.hoymercedes.com.ar\/principal\/?p=108547"},"modified":"2020-03-27T23:40:51","modified_gmt":"2020-03-28T02:40:51","slug":"coronavirus-se-activo-el-protocolo-por-caso-sospechoso","status":"publish","type":"post","link":"https:\/\/www.hoymercedes.com.ar\/principal\/2020\/03\/27\/coronavirus-se-activo-el-protocolo-por-caso-sospechoso\/","title":{"rendered":"Coronavirus: se activ\u00f3 el protocolo por caso sospechoso"},"content":{"rendered":"\n<p>A trav\u00e9s de una comunicaci\u00f3n oficial, se inform\u00f3 a la comunidad \u00abque ha ingresado una paciente de 48 a\u00f1os como caso sospechoso de COVID-19\u00bb al Hospital Dubarry.  La persona tiene antecedentes de viaje desde M\u00e9xico llegando a Mercedes el d\u00eda 25 de marzo. <\/p>\n\n\n\n<p>Desde entonces permaneci\u00f3 en aislamiento domiciliario sin contacto con ninguna persona, ya que vive sola. <\/p>\n\n\n\n<p>Inicia s\u00edntomas leves en el d\u00eda de ayer y al progresar se decide activar protocolo, y proceder a su internaci\u00f3n.  Permanecer\u00e1 en aislamiento en el Hospital Dubarry hasta confirmar o descartar el caso por pruebas de laboratorio.<\/p>\n\n\n\n<p>\u00abSe recuerda a la comunidad que la \u00fanica vacuna que existe, es el aislamiento social. No hay que salir de nuestros hogares a menos que sea muy necesario. Si nos cuidamos entre todos, podremos afrontar esta pandemia\u00bb, expresan desde la comunicaci\u00f3n del Municipio.<\/p>\n","protected":false},"excerpt":{"rendered":"<p>A trav\u00e9s de una comunicaci\u00f3n oficial, se inform\u00f3 a la comunidad \u00abque ha ingresado una paciente de 48 a\u00f1os como &#8230; <a title=\"Coronavirus: se activ\u00f3 el protocolo por caso sospechoso\" class=\"read-more\" href=\"https:\/\/www.hoymercedes.com.ar\/principal\/2020\/03\/27\/coronavirus-se-activo-el-protocolo-por-caso-sospechoso\/\" aria-label=\"Leer m\u00e1s sobre Coronavirus: se activ\u00f3 el protocolo por caso sospechoso\">Leer m\u00e1s<\/a><\/p>\n","protected":false},"author":1,"featured_media":108136,"comment_status":"closed","ping_status":"open","sticky":false,"template":"","format":"standard","meta":{"_monsterinsights_skip_tracking":false,"_monsterinsights_sitenote_active":false,"_monsterinsights_sitenote_note":"","_monsterinsights_sitenote_category":0,"jetpack_post_was_ever_published":false,"_jetpack_newsletter_access":"","_jetpack_dont_email_post_to_subs":false,"_jetpack_newsletter_tier_id":0,"_jetpack_memberships_contains_paywalled_content":false,"_jetpack_memberships_contains_paid_content":false,"footnotes":"","jetpack_publicize_message":"","jetpack_publicize_feature_enabled":true,"jetpack_social_post_already_shared":true,"jetpack_social_options":{"image_generator_settings":{"template":"highway","default_image_id":0,"font":"","enabled":false},"version":2},"_wpas_customize_per_network":false},"categories":[9791],"tags":[16400,16175,16313,140,134],"class_list":["post-108547","post","type-post","status-publish","format-standard","has-post-thumbnail","hentry","category-salud","tag-caso-sospechoso","tag-coronavirus","tag-covid-19","tag-hospital-dubarry","tag-salud","generate-columns","tablet-grid-50","mobile-grid-100","grid-parent","grid-50"],"jetpack_publicize_connections":[],"jetpack_featured_media_url":"https:\/\/www.hoymercedes.com.ar\/principal\/wp-content\/uploads\/2020\/03\/2020-covid-coronavirus.jpg","wps_subtitle":"En el Dubarry","jetpack_sharing_enabled":true,"_links":{"self":[{"href":"https:\/\/www.hoymercedes.com.ar\/principal\/wp-json\/wp\/v2\/posts\/108547","targetHints":{"allow":["GET"]}}],"collection":[{"href":"https:\/\/www.hoymercedes.com.ar\/principal\/wp-json\/wp\/v2\/posts"}],"about":[{"href":"https:\/\/www.hoymercedes.com.ar\/principal\/wp-json\/wp\/v2\/types\/post"}],"author":[{"embeddable":true,"href":"https:\/\/www.hoymercedes.com.ar\/principal\/wp-json\/wp\/v2\/users\/1"}],"replies":[{"embeddable":true,"href":"https:\/\/www.hoymercedes.com.ar\/principal\/wp-json\/wp\/v2\/comments?post=108547"}],"version-history":[{"count":0,"href":"https:\/\/www.hoymercedes.com.ar\/principal\/wp-json\/wp\/v2\/posts\/108547\/revisions"}],"wp:featuredmedia":[{"embeddable":true,"href":"https:\/\/www.hoymercedes.com.ar\/principal\/wp-json\/wp\/v2\/media\/108136"}],"wp:attachment":[{"href":"https:\/\/www.hoymercedes.com.ar\/principal\/wp-json\/wp\/v2\/media?parent=108547"}],"wp:term":[{"taxonomy":"category","embeddable":true,"href":"https:\/\/www.hoymercedes.com.ar\/principal\/wp-json\/wp\/v2\/categories?post=108547"},{"taxonomy":"post_tag","embeddable":true,"href":"https:\/\/www.hoymercedes.com.ar\/principal\/wp-json\/wp\/v2\/tags?post=108547"}],"curies":[{"name":"wp","href":"https:\/\/api.w.org\/{rel}","templated":true}]}}