{"id":108566,"date":"2020-03-28T07:28:00","date_gmt":"2020-03-28T10:28:00","guid":{"rendered":"http:\/\/www.hoymercedes.com.ar\/principal\/?p=108566"},"modified":"2020-03-28T09:46:12","modified_gmt":"2020-03-28T12:46:12","slug":"en-gendarmeria-no-se-produjo-incencio-tal-como-primero-se-habia-mencionado","status":"publish","type":"post","link":"https:\/\/www.hoymercedes.com.ar\/principal\/2020\/03\/28\/en-gendarmeria-no-se-produjo-incencio-tal-como-primero-se-habia-mencionado\/","title":{"rendered":"En Gendarmer\u00eda no se produjo incendio, tal como primero se hab\u00eda mencionado"},"content":{"rendered":"\n<figure class=\"wp-block-image size-large\"><img loading=\"lazy\" decoding=\"async\" width=\"720\" height=\"716\" data-attachment-id=\"108567\" data-permalink=\"https:\/\/www.hoymercedes.com.ar\/principal\/2020\/03\/28\/en-gendarmeria-no-se-produjo-incencio-tal-como-primero-se-habia-mencionado\/colchon-quemado\/#main\" data-orig-file=\"https:\/\/www.hoymercedes.com.ar\/principal\/wp-content\/uploads\/2020\/03\/colchon-quemado.jpeg\" data-orig-size=\"720,716\" data-comments-opened=\"0\" data-image-meta=\"{&quot;aperture&quot;:&quot;0&quot;,&quot;credit&quot;:&quot;&quot;,&quot;camera&quot;:&quot;&quot;,&quot;caption&quot;:&quot;&quot;,&quot;created_timestamp&quot;:&quot;0&quot;,&quot;copyright&quot;:&quot;&quot;,&quot;focal_length&quot;:&quot;0&quot;,&quot;iso&quot;:&quot;0&quot;,&quot;shutter_speed&quot;:&quot;0&quot;,&quot;title&quot;:&quot;&quot;,&quot;orientation&quot;:&quot;0&quot;}\" data-image-title=\"colchon-quemado\" data-image-description=\"\" data-image-caption=\"\" data-large-file=\"https:\/\/www.hoymercedes.com.ar\/principal\/wp-content\/uploads\/2020\/03\/colchon-quemado.jpeg\" src=\"https:\/\/www.hoymercedes.com.ar\/principal\/wp-content\/uploads\/2020\/03\/colchon-quemado.jpeg\" alt=\"\" class=\"wp-image-108567\"\/><\/figure>\n\n\n\n<p>En Gendarmer\u00eda un peque\u00f1o desperfecto el\u00e9ctrico de los que suelen vivirse en construcciones de las dimensiones del edificio de avenida 2 gener\u00f3 que se quemara medio colch\u00f3n y unos tirantes de una cama. Fue r\u00e1pidamente extinguido con los extintores del edificio por parte del personal. <\/p>\n\n\n\n<p>Si bien r\u00e1pidamente se corri\u00f3 la bola que hab\u00eda sido un incendio no fue tal cosa. Ni hubo un galp\u00f3n ni nada que se le parezca. Fue todo en una habitaci\u00f3n que agarr\u00f3 un colch\u00f3n de una plaza. <\/p>\n\n\n\n<p>Los bomberos fueron convocados tal como los protocolos indican, pero no se requiri\u00f3 intervenci\u00f3n.<\/p>\n\n\n\n<p>No hubo heridos ni p\u00e9rdidas materiales graves, a excepci\u00f3n de lo mencionado. <br>\nEs importante tener presente que este tipo de acontecimientos son normales y habituales en este tipo de edificaciones antiguas. <\/p>\n\n\n\n<p>Actualmente, Gendarmer\u00eda es parte de los operativos a nivel pa\u00eds de control, vigilancia y cuidados de los argentinos y argentinas en el marco del aislamiento social, preventivo y obligatorio.<\/p>\n","protected":false},"excerpt":{"rendered":"<p>En Gendarmer\u00eda un peque\u00f1o desperfecto el\u00e9ctrico de los que suelen vivirse en construcciones de las dimensiones del edificio de avenida &#8230; <a title=\"En Gendarmer\u00eda no se produjo incendio, tal como primero se hab\u00eda mencionado\" class=\"read-more\" href=\"https:\/\/www.hoymercedes.com.ar\/principal\/2020\/03\/28\/en-gendarmeria-no-se-produjo-incencio-tal-como-primero-se-habia-mencionado\/\" aria-label=\"Leer m\u00e1s sobre En Gendarmer\u00eda no se produjo incendio, tal como primero se hab\u00eda mencionado\">Leer m\u00e1s<\/a><\/p>\n","protected":false},"author":1,"featured_media":108567,"comment_status":"closed","ping_status":"open","sticky":false,"template":"","format":"standard","meta":{"_monsterinsights_skip_tracking":false,"_monsterinsights_sitenote_active":false,"_monsterinsights_sitenote_note":"","_monsterinsights_sitenote_category":0,"jetpack_post_was_ever_published":false,"_jetpack_newsletter_access":"","_jetpack_dont_email_post_to_subs":false,"_jetpack_newsletter_tier_id":0,"_jetpack_memberships_contains_paywalled_content":false,"_jetpack_memberships_contains_paid_content":false,"footnotes":"","jetpack_publicize_message":"","jetpack_publicize_feature_enabled":true,"jetpack_social_post_already_shared":true,"jetpack_social_options":{"image_generator_settings":{"template":"highway","default_image_id":0,"font":"","enabled":false},"version":2},"_wpas_customize_per_network":false},"categories":[85,8],"tags":[3047,16405],"class_list":["post-108566","post","type-post","status-publish","format-standard","has-post-thumbnail","hentry","category-policial","category-sociedad","tag-gendarmeria","tag-incendio-fallido","generate-columns","tablet-grid-50","mobile-grid-100","grid-parent","grid-50"],"jetpack_publicize_connections":[],"jetpack_featured_media_url":"https:\/\/www.hoymercedes.com.ar\/principal\/wp-content\/uploads\/2020\/03\/colchon-quemado.jpeg","wps_subtitle":"Tras conocerse el hecho","jetpack_sharing_enabled":true,"_links":{"self":[{"href":"https:\/\/www.hoymercedes.com.ar\/principal\/wp-json\/wp\/v2\/posts\/108566","targetHints":{"allow":["GET"]}}],"collection":[{"href":"https:\/\/www.hoymercedes.com.ar\/principal\/wp-json\/wp\/v2\/posts"}],"about":[{"href":"https:\/\/www.hoymercedes.com.ar\/principal\/wp-json\/wp\/v2\/types\/post"}],"author":[{"embeddable":true,"href":"https:\/\/www.hoymercedes.com.ar\/principal\/wp-json\/wp\/v2\/users\/1"}],"replies":[{"embeddable":true,"href":"https:\/\/www.hoymercedes.com.ar\/principal\/wp-json\/wp\/v2\/comments?post=108566"}],"version-history":[{"count":0,"href":"https:\/\/www.hoymercedes.com.ar\/principal\/wp-json\/wp\/v2\/posts\/108566\/revisions"}],"wp:featuredmedia":[{"embeddable":true,"href":"https:\/\/www.hoymercedes.com.ar\/principal\/wp-json\/wp\/v2\/media\/108567"}],"wp:attachment":[{"href":"https:\/\/www.hoymercedes.com.ar\/principal\/wp-json\/wp\/v2\/media?parent=108566"}],"wp:term":[{"taxonomy":"category","embeddable":true,"href":"https:\/\/www.hoymercedes.com.ar\/principal\/wp-json\/wp\/v2\/categories?post=108566"},{"taxonomy":"post_tag","embeddable":true,"href":"https:\/\/www.hoymercedes.com.ar\/principal\/wp-json\/wp\/v2\/tags?post=108566"}],"curies":[{"name":"wp","href":"https:\/\/api.w.org\/{rel}","templated":true}]}}