{"id":10858,"date":"2012-02-13T11:26:27","date_gmt":"2012-02-13T11:26:27","guid":{"rendered":"http:\/\/www.hoymercedes.com.ar\/principal\/?p=10858"},"modified":"2012-02-13T11:26:27","modified_gmt":"2012-02-13T11:26:27","slug":"club-mercedes-cayo-ante-fronton","status":"publish","type":"post","link":"https:\/\/www.hoymercedes.com.ar\/principal\/2012\/02\/13\/club-mercedes-cayo-ante-fronton\/","title":{"rendered":"Club Mercedes cay\u00f3 ante Front\u00f3n"},"content":{"rendered":"<p>El equipo no logr\u00f3 sacar una ventaja favorable del encuentro llevado a cabo contra El Front\u00f3n de la vecina ciudad de San Andr\u00e9s de Giles cayendo por dos tantos contra cero.<\/p>\n<p>Club Mercedes jug\u00f3 desde los trece minutos del primer tiempo con un jugador menos dada la roja vista por Rosendo Regueiro. Desde ese momento, como suele ser, \u00a0el partido no fue el mismo.<\/p>\n<p>El Front\u00f3n logr\u00f3 hacer un poco m\u00e1s de su juego cuyo resultado se vio en el silvato final donde Joaqu\u00edn Hern\u00e1ndez y luego Alejandro Morada fueron quienes anotaron los tantos de la victoria<\/p>\n<p>Los cambios no alcanzaron para que el equipo local pudiese mejorar la performance siendo el segundo tiempo m\u00e1s marcado a favor de El Front\u00f3n.<\/p>\n<p>Formaciones:<\/p>\n<p>Club Mercedes: Ramiro Herrera, \u00a0Franco Pertossi, Oscar D\u00edaz,\u00a0Facundo Quiroga, Rosendo Regueiro, Gast\u00f3n Godoy, Diego Ludue\u00f1a, Pablo Gorosito,\u00a0Nahuel Santana,\u00a0\u00a0Alejandro Huici. DT: Diego Silvestre.<\/p>\n<p>Front\u00f3n: Daniel Buzzi, Pablo Gonz\u00e1lez, Fabricio Paganini, Ignacio Hazi,\u00a0Oscar Zapata, Federico Grosso,\u00a0Daniel Busca,\u00a0 Dami\u00e1n Quiroga, Ramiro Soria, Alejandro Morada y Joaqu\u00edn Hern\u00e1ndez. DT: Mauricio Dinardi &#8211; Carlos Dubois.<\/p>\n<p>&nbsp;<\/p>\n","protected":false},"excerpt":{"rendered":"<p>El equipo no logr\u00f3 sacar una ventaja favorable del encuentro llevado a cabo contra El Front\u00f3n de la vecina ciudad &#8230; <a title=\"Club Mercedes cay\u00f3 ante Front\u00f3n\" class=\"read-more\" href=\"https:\/\/www.hoymercedes.com.ar\/principal\/2012\/02\/13\/club-mercedes-cayo-ante-fronton\/\" aria-label=\"Leer m\u00e1s sobre Club Mercedes cay\u00f3 ante Front\u00f3n\">Leer m\u00e1s<\/a><\/p>\n","protected":false},"author":1,"featured_media":0,"comment_status":"open","ping_status":"open","sticky":false,"template":"","format":"standard","meta":{"_monsterinsights_skip_tracking":false,"_monsterinsights_sitenote_active":false,"_monsterinsights_sitenote_note":"","_monsterinsights_sitenote_category":0,"jetpack_post_was_ever_published":false,"_jetpack_newsletter_access":"","_jetpack_dont_email_post_to_subs":false,"_jetpack_newsletter_tier_id":0,"_jetpack_memberships_contains_paywalled_content":false,"_jetpack_memberships_contains_paid_content":false,"footnotes":"","jetpack_publicize_message":"","jetpack_publicize_feature_enabled":true,"jetpack_social_post_already_shared":false,"jetpack_social_options":{"image_generator_settings":{"template":"highway","default_image_id":0,"font":"","enabled":false},"version":2},"_wpas_customize_per_network":false},"categories":[21],"tags":[122,1812],"class_list":["post-10858","post","type-post","status-publish","format-standard","hentry","category-deportes","tag-club-mercedes","tag-el-fronton","generate-columns","tablet-grid-50","mobile-grid-100","grid-parent","grid-50"],"jetpack_publicize_connections":[],"jetpack_featured_media_url":"","wps_subtitle":"","jetpack_sharing_enabled":true,"_links":{"self":[{"href":"https:\/\/www.hoymercedes.com.ar\/principal\/wp-json\/wp\/v2\/posts\/10858","targetHints":{"allow":["GET"]}}],"collection":[{"href":"https:\/\/www.hoymercedes.com.ar\/principal\/wp-json\/wp\/v2\/posts"}],"about":[{"href":"https:\/\/www.hoymercedes.com.ar\/principal\/wp-json\/wp\/v2\/types\/post"}],"author":[{"embeddable":true,"href":"https:\/\/www.hoymercedes.com.ar\/principal\/wp-json\/wp\/v2\/users\/1"}],"replies":[{"embeddable":true,"href":"https:\/\/www.hoymercedes.com.ar\/principal\/wp-json\/wp\/v2\/comments?post=10858"}],"version-history":[{"count":0,"href":"https:\/\/www.hoymercedes.com.ar\/principal\/wp-json\/wp\/v2\/posts\/10858\/revisions"}],"wp:attachment":[{"href":"https:\/\/www.hoymercedes.com.ar\/principal\/wp-json\/wp\/v2\/media?parent=10858"}],"wp:term":[{"taxonomy":"category","embeddable":true,"href":"https:\/\/www.hoymercedes.com.ar\/principal\/wp-json\/wp\/v2\/categories?post=10858"},{"taxonomy":"post_tag","embeddable":true,"href":"https:\/\/www.hoymercedes.com.ar\/principal\/wp-json\/wp\/v2\/tags?post=10858"}],"curies":[{"name":"wp","href":"https:\/\/api.w.org\/{rel}","templated":true}]}}