{"id":108580,"date":"2020-03-28T14:59:00","date_gmt":"2020-03-28T17:59:00","guid":{"rendered":"http:\/\/www.hoymercedes.com.ar\/principal\/?p=108580"},"modified":"2020-03-28T20:37:26","modified_gmt":"2020-03-28T23:37:26","slug":"la-cem-integra-mesa-de-trabajo-para-proponer-medidas-economicas-para-pymes-y-comercio","status":"publish","type":"post","link":"https:\/\/www.hoymercedes.com.ar\/principal\/2020\/03\/28\/la-cem-integra-mesa-de-trabajo-para-proponer-medidas-economicas-para-pymes-y-comercio\/","title":{"rendered":"La CEM integra mesa de trabajo para proponer medidas econ\u00f3micas para PyMEs y comercio"},"content":{"rendered":"\n<p>La C\u00e1mara Econ\u00f3mica Mercedina (CEM) contin\u00faa\ntrabajando en la elaboraci\u00f3n y presentaci\u00f3n de diversas medidas para mitigar el\ncosto laboral, econ\u00f3mico, financiero e impositivo de todos los sectores como\nconsecuencia del impacto econ\u00f3mico que tiene y tendr\u00e1 la propagaci\u00f3n del virus\nCOVID-19 y el Aislamiento Social Preventivo y Obligatorio decretado por el\ngobierno nacional para el pa\u00eds.<\/p>\n\n\n\n<p>\u201cAcompa\u00f1amos las medidas sanitarias tomadas por\nel gobierno, estamos de acuerdo&nbsp; que la\nsalud es los m\u00e1s importante. Pero tambi\u00e9n estamos preocupados por el d\u00eda\ndespu\u00e9s y la repercusi\u00f3n que tendr\u00e1 en la econom\u00eda del pa\u00eds y de la ciudad\u201d,\ndijo el Presidente de la CEM, Mario Dimaro. \u201cEs as\u00ed que reclamamos otro tipo de\nmedidas para salvaguardar el entramado econ\u00f3mico productivo de nuestro sector\u201d,\nagreg\u00f3. <\/p>\n\n\n\n<p>En este sentido, la CEM est\u00e1 trabajando en\nconjunto con la Confederaci\u00f3n Argentina de la Mediana Empresa (CAME), la C\u00e1mara\nArgentina de Comercio y Servicio (CAC) y la Federaci\u00f3n Econ\u00f3mica de la\nProvincia de Buenos Aires (FEBA) en reuniones en formato virtual, con el fin de\nanalizar los escenarios posibles tras la salida del aislamiento obligatorio y\nlas consecuencias econ\u00f3micas en el pa\u00eds y en el mundo. <\/p>\n\n\n\n<p>\u201cEn alg\u00fan momento esta pandemia va a finalizar\ny el d\u00eda despu\u00e9s tiene que reactivarse el pa\u00eds. Para reactivar el pa\u00eds de la\nmejor manera tenemos que preservar tambi\u00e9n la salud y la vida de los comercios\nde todos los sectores empresariales\u201d, resalt\u00f3 Ariel Pietrucha, Gerente de la\nC\u00e1mara Econ\u00f3mica Mercedina. <\/p>\n\n\n\n<p>Algunas de las problem\u00e1ticas m\u00e1s urgentes que\nest\u00e1n planteando los comercios y PyMEs de nuestra ciudad, es el pago de sueldos\ny la posibilidad de cubrir los cheques ya emitidos a proveedores. En este\ncontexto, se propusieron diversas medidas econ\u00f3micas, entre las que se\ndestacan: pr\u00e9stamos a tasa cero, interrupci\u00f3n del pago de alquileres mientras\nlos negocios est\u00e9n cerrados, as\u00ed como la reducci\u00f3n en impuestos, tasas y\nderechos locales que afecten directamente al sector productivo. <\/p>\n\n\n\n<p>\u201cSeg\u00fan la CAC, las actividades de Comercio y\nServicios que est\u00e1n paralizados emplean formalmente a tres millones de personas\ny los comercios cerrados son un 70%. Uno de los posibles escenarios es que el\n5% de esas empresas quiebre, dejando 125 mil nuevos desocupados en el pa\u00eds, que\nse sumar\u00edan al 1,2 millones que ya hay. Por eso debemos ser previsores, tomando\nlas medidas adecuadas con antelaci\u00f3n, para as\u00ed evitar que esto suceda. Estamos\nconversando con otras C\u00e1maras para plantear medidas que ayuden a paliar lo que\nviene despu\u00e9s\u201d, agreg\u00f3 Dimaro titular de la CEM.<\/p>\n\n\n\n<p>Desde la entidad, destacan el di\u00e1logo abierto y permanente con todas las partes involucradas tanto a nivel nacional como local y se espera que en los pr\u00f3ximos d\u00edas se implementen las pol\u00edticas adecuadas para moderar el impacto econ\u00f3mico en las PyMEs y comercios.<\/p>\n\n\n\n<p>Fuente: Prensa CEM<\/p>\n","protected":false},"excerpt":{"rendered":"<p>La C\u00e1mara Econ\u00f3mica Mercedina (CEM) contin\u00faa trabajando en la elaboraci\u00f3n y presentaci\u00f3n de diversas medidas para mitigar el costo laboral, &#8230; <a title=\"La CEM integra mesa de trabajo para proponer medidas econ\u00f3micas para PyMEs y comercio\" class=\"read-more\" href=\"https:\/\/www.hoymercedes.com.ar\/principal\/2020\/03\/28\/la-cem-integra-mesa-de-trabajo-para-proponer-medidas-economicas-para-pymes-y-comercio\/\" aria-label=\"Leer m\u00e1s sobre La CEM integra mesa de trabajo para proponer medidas econ\u00f3micas para PyMEs y comercio\">Leer m\u00e1s<\/a><\/p>\n","protected":false},"author":1,"featured_media":108385,"comment_status":"closed","ping_status":"open","sticky":false,"template":"","format":"standard","meta":{"_monsterinsights_skip_tracking":false,"_monsterinsights_sitenote_active":false,"_monsterinsights_sitenote_note":"","_monsterinsights_sitenote_category":0,"jetpack_post_was_ever_published":false,"_jetpack_newsletter_access":"","_jetpack_dont_email_post_to_subs":false,"_jetpack_newsletter_tier_id":0,"_jetpack_memberships_contains_paywalled_content":false,"_jetpack_memberships_contains_paid_content":false,"footnotes":"","jetpack_publicize_message":"","jetpack_publicize_feature_enabled":true,"jetpack_social_post_already_shared":true,"jetpack_social_options":{"image_generator_settings":{"template":"highway","default_image_id":0,"font":"","enabled":false},"version":2},"_wpas_customize_per_network":false},"categories":[8],"tags":[16351,682,14928,11583],"class_list":["post-108580","post","type-post","status-publish","format-standard","has-post-thumbnail","hentry","category-sociedad","tag-aislamiento-obligatorio","tag-cem","tag-medidas-economicas","tag-propuestas","generate-columns","tablet-grid-50","mobile-grid-100","grid-parent","grid-50"],"jetpack_publicize_connections":[],"jetpack_featured_media_url":"https:\/\/www.hoymercedes.com.ar\/principal\/wp-content\/uploads\/2020\/03\/25-muni-cem.jpg","wps_subtitle":"Tras el aislamiento obligatorio","jetpack_sharing_enabled":true,"_links":{"self":[{"href":"https:\/\/www.hoymercedes.com.ar\/principal\/wp-json\/wp\/v2\/posts\/108580","targetHints":{"allow":["GET"]}}],"collection":[{"href":"https:\/\/www.hoymercedes.com.ar\/principal\/wp-json\/wp\/v2\/posts"}],"about":[{"href":"https:\/\/www.hoymercedes.com.ar\/principal\/wp-json\/wp\/v2\/types\/post"}],"author":[{"embeddable":true,"href":"https:\/\/www.hoymercedes.com.ar\/principal\/wp-json\/wp\/v2\/users\/1"}],"replies":[{"embeddable":true,"href":"https:\/\/www.hoymercedes.com.ar\/principal\/wp-json\/wp\/v2\/comments?post=108580"}],"version-history":[{"count":0,"href":"https:\/\/www.hoymercedes.com.ar\/principal\/wp-json\/wp\/v2\/posts\/108580\/revisions"}],"wp:featuredmedia":[{"embeddable":true,"href":"https:\/\/www.hoymercedes.com.ar\/principal\/wp-json\/wp\/v2\/media\/108385"}],"wp:attachment":[{"href":"https:\/\/www.hoymercedes.com.ar\/principal\/wp-json\/wp\/v2\/media?parent=108580"}],"wp:term":[{"taxonomy":"category","embeddable":true,"href":"https:\/\/www.hoymercedes.com.ar\/principal\/wp-json\/wp\/v2\/categories?post=108580"},{"taxonomy":"post_tag","embeddable":true,"href":"https:\/\/www.hoymercedes.com.ar\/principal\/wp-json\/wp\/v2\/tags?post=108580"}],"curies":[{"name":"wp","href":"https:\/\/api.w.org\/{rel}","templated":true}]}}