{"id":108589,"date":"2020-03-28T19:35:07","date_gmt":"2020-03-28T22:35:07","guid":{"rendered":"http:\/\/www.hoymercedes.com.ar\/principal\/?p=108589"},"modified":"2020-03-28T20:28:37","modified_gmt":"2020-03-28T23:28:37","slug":"se-buscan-cuatro-dadores-de-sangre-para-eduardo-cerulli","status":"publish","type":"post","link":"https:\/\/www.hoymercedes.com.ar\/principal\/2020\/03\/28\/se-buscan-cuatro-dadores-de-sangre-para-eduardo-cerulli\/","title":{"rendered":"Se buscan cuatro dadores de sangre para Eduardo Cerulli"},"content":{"rendered":"\n<p>Se necesitan cuatro dadores de sangre 0+ (cero positivo) y 0- (cero negativo) para el d\u00eda 6 de abril. La donaci\u00f3n se deber\u00e1 hacer en la unidad m\u00f3vil de Fuhesa que mensualmente se instala en la Plaza San Mart\u00edn. En esta oportunidad, el cami\u00f3n vendr\u00e1 el d\u00eda 6 de abril, a partir de la hora 8:30. El dador deber\u00e1 manifestar que la sangre es para el paciente  Eduardo Rafael H\u00e9ctor Cerulli internado en Cl\u00ednica Nueva Cruz Azul. Ir con DNI y desayunado (sin haber consumido leche ni materias grasas). <br> <\/p>\n","protected":false},"excerpt":{"rendered":"<p>Se necesitan cuatro dadores de sangre 0+ (cero positivo) y 0- (cero negativo) para el d\u00eda 6 de abril. La &#8230; <a title=\"Se buscan cuatro dadores de sangre para Eduardo Cerulli\" class=\"read-more\" href=\"https:\/\/www.hoymercedes.com.ar\/principal\/2020\/03\/28\/se-buscan-cuatro-dadores-de-sangre-para-eduardo-cerulli\/\" aria-label=\"Leer m\u00e1s sobre Se buscan cuatro dadores de sangre para Eduardo Cerulli\">Leer m\u00e1s<\/a><\/p>\n","protected":false},"author":1,"featured_media":90720,"comment_status":"closed","ping_status":"open","sticky":false,"template":"","format":"standard","meta":{"_monsterinsights_skip_tracking":false,"_monsterinsights_sitenote_active":false,"_monsterinsights_sitenote_note":"","_monsterinsights_sitenote_category":0,"jetpack_post_was_ever_published":false,"_jetpack_newsletter_access":"","_jetpack_dont_email_post_to_subs":false,"_jetpack_newsletter_tier_id":0,"_jetpack_memberships_contains_paywalled_content":false,"_jetpack_memberships_contains_paid_content":false,"footnotes":"","jetpack_publicize_message":"","jetpack_publicize_feature_enabled":true,"jetpack_social_post_already_shared":true,"jetpack_social_options":{"image_generator_settings":{"template":"highway","default_image_id":0,"font":"","enabled":false},"version":2},"_wpas_customize_per_network":false},"categories":[9791],"tags":[9085,8908,16406,134,3361],"class_list":["post-108589","post","type-post","status-publish","format-standard","has-post-thumbnail","hentry","category-salud","tag-busqueda","tag-dadores-de-sangre","tag-fehusa","tag-salud","tag-solidaridad","generate-columns","tablet-grid-50","mobile-grid-100","grid-parent","grid-50"],"jetpack_publicize_connections":[],"jetpack_featured_media_url":"https:\/\/www.hoymercedes.com.ar\/principal\/wp-content\/uploads\/2019\/04\/03-dadores-de-sangre.jpg","wps_subtitle":"Solidaridad","jetpack_sharing_enabled":true,"_links":{"self":[{"href":"https:\/\/www.hoymercedes.com.ar\/principal\/wp-json\/wp\/v2\/posts\/108589","targetHints":{"allow":["GET"]}}],"collection":[{"href":"https:\/\/www.hoymercedes.com.ar\/principal\/wp-json\/wp\/v2\/posts"}],"about":[{"href":"https:\/\/www.hoymercedes.com.ar\/principal\/wp-json\/wp\/v2\/types\/post"}],"author":[{"embeddable":true,"href":"https:\/\/www.hoymercedes.com.ar\/principal\/wp-json\/wp\/v2\/users\/1"}],"replies":[{"embeddable":true,"href":"https:\/\/www.hoymercedes.com.ar\/principal\/wp-json\/wp\/v2\/comments?post=108589"}],"version-history":[{"count":0,"href":"https:\/\/www.hoymercedes.com.ar\/principal\/wp-json\/wp\/v2\/posts\/108589\/revisions"}],"wp:featuredmedia":[{"embeddable":true,"href":"https:\/\/www.hoymercedes.com.ar\/principal\/wp-json\/wp\/v2\/media\/90720"}],"wp:attachment":[{"href":"https:\/\/www.hoymercedes.com.ar\/principal\/wp-json\/wp\/v2\/media?parent=108589"}],"wp:term":[{"taxonomy":"category","embeddable":true,"href":"https:\/\/www.hoymercedes.com.ar\/principal\/wp-json\/wp\/v2\/categories?post=108589"},{"taxonomy":"post_tag","embeddable":true,"href":"https:\/\/www.hoymercedes.com.ar\/principal\/wp-json\/wp\/v2\/tags?post=108589"}],"curies":[{"name":"wp","href":"https:\/\/api.w.org\/{rel}","templated":true}]}}