{"id":108592,"date":"2020-03-28T20:24:45","date_gmt":"2020-03-28T23:24:45","guid":{"rendered":"http:\/\/www.hoymercedes.com.ar\/principal\/?p=108592"},"modified":"2020-03-28T20:28:05","modified_gmt":"2020-03-28T23:28:05","slug":"coronavirus-nuevo-caso-sospechoso-en-san-andres-de-giles","status":"publish","type":"post","link":"https:\/\/www.hoymercedes.com.ar\/principal\/2020\/03\/28\/coronavirus-nuevo-caso-sospechoso-en-san-andres-de-giles\/","title":{"rendered":"Coronavirus: Nuevo caso sospechoso en San Andr\u00e9s de Giles"},"content":{"rendered":"\n<p>La Municipalidad de San Andr\u00e9s de Giles envi\u00f3 el parte diario sobre Coronavirus en horas de la tarde. La novedad del d\u00eda es el ingreso de un nuevo gilense al sector de aislamiento por un cuadro respiratorio. El protocolo se volvi\u00f3 a activar.<\/p>\n\n\n\n<p>Seg\u00fan relata el comunicado, un joven de 22 a\u00f1os \u201cpresentaba s\u00edntomas cl\u00ednicos que motivaron su internaci\u00f3n en el sector de aislamiento del hospital, fue evaluado por m\u00e9dicos de cl\u00ednica m\u00e9dica y se decidi\u00f3, entre otros an\u00e1lisis, solicitar el hisopado para descartar infecci\u00f3n por corona virus\u201d.<\/p>\n\n\n\n<p>A su vez, la secretaria de Salud inform\u00f3 que el paciente con resultado positivo de Coronavirus que permanece internado se encuentra \u201csin compromiso cl\u00ednico\u201d.&nbsp; Mientras que el&nbsp;paciente de 61 a\u00f1os internado en terapia intensiva \u201ccontin\u00faa con pron\u00f3stico reservado aguardando el resultado de la muestra remitida al Instituto Malbr\u00e1n\u201d.<\/p>\n\n\n\n<p><strong>El comunicado completo<\/strong><\/p>\n\n\n\n<p>La Secretar\u00eda de Salud de la Municipalidad de San Andr\u00e9s de Giles informa que hoy en horas de la ma\u00f1ana consult\u00f3 en el sector de respiratorios un paciente de 22 a\u00f1os que presentaba s\u00edntomas cl\u00ednicos que motivaron su internaci\u00f3n en el sector de aislamiento del hospital, fue evaluado por m\u00e9dicos de cl\u00ednica m\u00e9dica y se decidi\u00f3, entre otros an\u00e1lisis, solicitar el hisopado para descartar infecci\u00f3n por corona virus. La muestra ser\u00e1 derivada al nivel central para confirmar o descartar infecci\u00f3n por COVID-19<\/p>\n\n\n\n<p>El paciente, con caso positivo que se encuentra internado en aislamiento en el sector de cl\u00ednica m\u00e9dica del hospital, contin\u00faa sin compromiso cl\u00ednico. Afebril y sin requerimiento de oxigeno complementario.<\/p>\n\n\n\n<p>El paciente internado en terapia intensiva contin\u00faa con pron\u00f3stico reservado aguardando el resultado de la muestra remitida al Instituto Malbr\u00e1n<\/p>\n\n\n\n<p>La Secretar\u00eda de Salud exhorta a los ciudadanos de San Andr\u00e9s de Giles a tomar conciencia y respetar de manera obligatoria la cuarentena dispuesta por los organismos oficiales.<br>Desde la municipalidad de San Andr\u00e9s de Giles se han dado las directivas a las fuerzas de seguridad en referencia a la aplicaci\u00f3n de la fuerza p\u00fablica ante el incumplimiento de la cuarentena.<\/p>\n\n\n\n<p>Fuente: InfoCiudad de San Andr\u00e9s de Giles<\/p>\n","protected":false},"excerpt":{"rendered":"<p>La Municipalidad de San Andr\u00e9s de Giles envi\u00f3 el parte diario sobre Coronavirus en horas de la tarde. La novedad &#8230; <a title=\"Coronavirus: Nuevo caso sospechoso en San Andr\u00e9s de Giles\" class=\"read-more\" href=\"https:\/\/www.hoymercedes.com.ar\/principal\/2020\/03\/28\/coronavirus-nuevo-caso-sospechoso-en-san-andres-de-giles\/\" aria-label=\"Leer m\u00e1s sobre Coronavirus: Nuevo caso sospechoso en San Andr\u00e9s de Giles\">Leer m\u00e1s<\/a><\/p>\n","protected":false},"author":1,"featured_media":108447,"comment_status":"closed","ping_status":"open","sticky":false,"template":"","format":"standard","meta":{"_monsterinsights_skip_tracking":false,"_monsterinsights_sitenote_active":false,"_monsterinsights_sitenote_note":"","_monsterinsights_sitenote_category":0,"jetpack_post_was_ever_published":false,"_jetpack_newsletter_access":"","_jetpack_dont_email_post_to_subs":false,"_jetpack_newsletter_tier_id":0,"_jetpack_memberships_contains_paywalled_content":false,"_jetpack_memberships_contains_paid_content":false,"footnotes":"","jetpack_publicize_message":"","jetpack_publicize_feature_enabled":true,"jetpack_social_post_already_shared":true,"jetpack_social_options":{"image_generator_settings":{"template":"highway","default_image_id":0,"font":"","enabled":false},"version":2},"_wpas_customize_per_network":false},"categories":[5501],"tags":[16400,16175,16313,1057,134,2123],"class_list":["post-108592","post","type-post","status-publish","format-standard","has-post-thumbnail","hentry","category-region","tag-caso-sospechoso","tag-coronavirus","tag-covid-19","tag-regional","tag-salud","tag-san-andres-de-giles","generate-columns","tablet-grid-50","mobile-grid-100","grid-parent","grid-50"],"jetpack_publicize_connections":[],"jetpack_featured_media_url":"https:\/\/www.hoymercedes.com.ar\/principal\/wp-content\/uploads\/2020\/03\/FB_IMG_15851892313484092.jpg","wps_subtitle":"Pandemia en la regi\u00f3n","jetpack_sharing_enabled":true,"_links":{"self":[{"href":"https:\/\/www.hoymercedes.com.ar\/principal\/wp-json\/wp\/v2\/posts\/108592","targetHints":{"allow":["GET"]}}],"collection":[{"href":"https:\/\/www.hoymercedes.com.ar\/principal\/wp-json\/wp\/v2\/posts"}],"about":[{"href":"https:\/\/www.hoymercedes.com.ar\/principal\/wp-json\/wp\/v2\/types\/post"}],"author":[{"embeddable":true,"href":"https:\/\/www.hoymercedes.com.ar\/principal\/wp-json\/wp\/v2\/users\/1"}],"replies":[{"embeddable":true,"href":"https:\/\/www.hoymercedes.com.ar\/principal\/wp-json\/wp\/v2\/comments?post=108592"}],"version-history":[{"count":0,"href":"https:\/\/www.hoymercedes.com.ar\/principal\/wp-json\/wp\/v2\/posts\/108592\/revisions"}],"wp:featuredmedia":[{"embeddable":true,"href":"https:\/\/www.hoymercedes.com.ar\/principal\/wp-json\/wp\/v2\/media\/108447"}],"wp:attachment":[{"href":"https:\/\/www.hoymercedes.com.ar\/principal\/wp-json\/wp\/v2\/media?parent=108592"}],"wp:term":[{"taxonomy":"category","embeddable":true,"href":"https:\/\/www.hoymercedes.com.ar\/principal\/wp-json\/wp\/v2\/categories?post=108592"},{"taxonomy":"post_tag","embeddable":true,"href":"https:\/\/www.hoymercedes.com.ar\/principal\/wp-json\/wp\/v2\/tags?post=108592"}],"curies":[{"name":"wp","href":"https:\/\/api.w.org\/{rel}","templated":true}]}}