{"id":108606,"date":"2020-03-28T22:49:58","date_gmt":"2020-03-29T01:49:58","guid":{"rendered":"http:\/\/www.hoymercedes.com.ar\/principal\/?p=108606"},"modified":"2020-03-28T22:51:58","modified_gmt":"2020-03-29T01:51:58","slug":"fallecio-el-periodista-patricio-defelippe","status":"publish","type":"post","link":"https:\/\/www.hoymercedes.com.ar\/principal\/2020\/03\/28\/fallecio-el-periodista-patricio-defelippe\/","title":{"rendered":"Falleci\u00f3 el periodista Patricio Defelippe"},"content":{"rendered":"\n<p>Trabajador en los medios de la ciudad y en el \u00e1rea de discapacidad del Municipio de Mercedes, Patricio Defelippe, de 39 a\u00f1os, falleci\u00f3 este s\u00e1bado luego de haber estado internado casi un mes producto de una neumon\u00eda. <\/p>\n\n\n\n<p>Patricio era conocido en la ciudad por su labor en las radios de la ciudad, pero principalmente por su vida de lucha. Ciego desde reci\u00e9n nacido, recorr\u00eda las calles de la ciudad y el pa\u00eds junto a su perra gu\u00eda, Luna, que despu\u00e9s de un gran esfuerzo logr\u00f3 traerla para que lo acompa\u00f1e en sus viajes y tareas diarias. <\/p>\n\n\n\n<p>En los \u00faltimos meses, adem\u00e1s, trabaj\u00f3 fuertemente en el \u00e1rea de Discapacidad Municipal para la integraci\u00f3n de personas con discapacidad, y con cegueras en particular. Brind\u00f3 taller de braile en la c\u00e1rcel para que los internos armen libros para que las personas ciegas puedan leer con este sistema y daba charlas en las escuelas para la concientizaci\u00f3n del uso del bast\u00f3n blanco. <\/p>\n\n\n\n<p>En tiempos de aislamiento social obligatorio, Patricio no podr\u00e1 ser despedido como lo merece por todos los vecinos y amigos que lo conoc\u00edan. Desde Hoy Mercedes, acompa\u00f1amos a la familia en este profundo dolor y lamentamos no podemos abrazarlos ante esta p\u00e9rdida. <\/p>\n","protected":false},"excerpt":{"rendered":"<p>Trabajador en los medios de la ciudad y en el \u00e1rea de discapacidad del Municipio de Mercedes, Patricio Defelippe, de &#8230; <a title=\"Falleci\u00f3 el periodista Patricio Defelippe\" class=\"read-more\" href=\"https:\/\/www.hoymercedes.com.ar\/principal\/2020\/03\/28\/fallecio-el-periodista-patricio-defelippe\/\" aria-label=\"Leer m\u00e1s sobre Falleci\u00f3 el periodista Patricio Defelippe\">Leer m\u00e1s<\/a><\/p>\n","protected":false},"author":1,"featured_media":71608,"comment_status":"closed","ping_status":"open","sticky":false,"template":"","format":"standard","meta":{"_monsterinsights_skip_tracking":false,"_monsterinsights_sitenote_active":false,"_monsterinsights_sitenote_note":"","_monsterinsights_sitenote_category":0,"jetpack_post_was_ever_published":false,"_jetpack_newsletter_access":"","_jetpack_dont_email_post_to_subs":false,"_jetpack_newsletter_tier_id":0,"_jetpack_memberships_contains_paywalled_content":false,"_jetpack_memberships_contains_paid_content":false,"footnotes":"","jetpack_publicize_message":"","jetpack_publicize_feature_enabled":true,"jetpack_social_post_already_shared":true,"jetpack_social_options":{"image_generator_settings":{"template":"highway","default_image_id":0,"font":"","enabled":false},"version":2},"_wpas_customize_per_network":false},"categories":[8],"tags":[12533,134],"class_list":["post-108606","post","type-post","status-publish","format-standard","has-post-thumbnail","hentry","category-sociedad","tag-patricio-defelippe","tag-salud","generate-columns","tablet-grid-50","mobile-grid-100","grid-parent","grid-50"],"jetpack_publicize_connections":[],"jetpack_featured_media_url":"https:\/\/www.hoymercedes.com.ar\/principal\/wp-content\/uploads\/2018\/01\/Patricio-Defelippe.jpg","wps_subtitle":"Tras internado por neumon\u00eda","jetpack_sharing_enabled":true,"_links":{"self":[{"href":"https:\/\/www.hoymercedes.com.ar\/principal\/wp-json\/wp\/v2\/posts\/108606","targetHints":{"allow":["GET"]}}],"collection":[{"href":"https:\/\/www.hoymercedes.com.ar\/principal\/wp-json\/wp\/v2\/posts"}],"about":[{"href":"https:\/\/www.hoymercedes.com.ar\/principal\/wp-json\/wp\/v2\/types\/post"}],"author":[{"embeddable":true,"href":"https:\/\/www.hoymercedes.com.ar\/principal\/wp-json\/wp\/v2\/users\/1"}],"replies":[{"embeddable":true,"href":"https:\/\/www.hoymercedes.com.ar\/principal\/wp-json\/wp\/v2\/comments?post=108606"}],"version-history":[{"count":0,"href":"https:\/\/www.hoymercedes.com.ar\/principal\/wp-json\/wp\/v2\/posts\/108606\/revisions"}],"wp:featuredmedia":[{"embeddable":true,"href":"https:\/\/www.hoymercedes.com.ar\/principal\/wp-json\/wp\/v2\/media\/71608"}],"wp:attachment":[{"href":"https:\/\/www.hoymercedes.com.ar\/principal\/wp-json\/wp\/v2\/media?parent=108606"}],"wp:term":[{"taxonomy":"category","embeddable":true,"href":"https:\/\/www.hoymercedes.com.ar\/principal\/wp-json\/wp\/v2\/categories?post=108606"},{"taxonomy":"post_tag","embeddable":true,"href":"https:\/\/www.hoymercedes.com.ar\/principal\/wp-json\/wp\/v2\/tags?post=108606"}],"curies":[{"name":"wp","href":"https:\/\/api.w.org\/{rel}","templated":true}]}}