{"id":108645,"date":"2020-03-29T20:04:28","date_gmt":"2020-03-29T23:04:28","guid":{"rendered":"http:\/\/www.hoymercedes.com.ar\/principal\/?p=108645"},"modified":"2020-03-29T20:08:46","modified_gmt":"2020-03-29T23:08:46","slug":"coronavirus-un-fallecido-mas-y-confirman-75-casos-a-nivel-nacional","status":"publish","type":"post","link":"https:\/\/www.hoymercedes.com.ar\/principal\/2020\/03\/29\/coronavirus-un-fallecido-mas-y-confirman-75-casos-a-nivel-nacional\/","title":{"rendered":"Coronavirus: un fallecido m\u00e1s y confirman 75 casos positivos m\u00e1s a nivel nacional"},"content":{"rendered":"\n<p>Compartimos el informe nacional del d\u00eda domingo 29 de marzo, sobre los casos confirmados incluyendo detalles por provincia. Un hombre de 58 a\u00f1os falleci\u00f3 este domingo<\/p>\n\n\n\n<p>\ud83d\udcccHoy fueron confirmados 75 nuevos casos de COVID-19. Con estos registros, suman 820 casos positivos en el pa\u00eds. Se agregaron dos provincias: La Rioja y San Juan.<\/p>\n\n\n\n<p>\ud83d\udcccDel total de esos casos, 442 (54%) son importados, 207 (25%) son contactos estrechos de casos confirmados, y el resto se encuentra en investigaci\u00f3n epidemiol\u00f3gica.<\/p>\n\n\n\n<p>\ud83d\udcccSe registr\u00f3 un muerto de 58 a\u00f1os, var\u00f3n, contacto estrecho de un caso confirmado, con antecedente de enfermedad pulmonar obstructiva cr\u00f3nica. Los fallecidos hasta el momento suman un total de 20. <\/p>\n\n\n\n<p>\ud83d\udcccLas autoridades contin\u00faan con las medidas intensivas para reducir la circulaci\u00f2n del virus al pa\u00eds y disminuir su transmisi\u00f3n. En este sentido es clave la estrategia de mitigaci\u00f3n de la mortalidad destinada a personas mayores de 60 a\u00f1os y personas que integren los grupos de riesgo.<\/p>\n\n\n\n<p>\ud83d\udcccDetalle por provincia (N\u00ba de confirmados | N\u00ba de acumulados):<br>\nBuenos Aires 16 | 217<br>\nCiudad de Buenos Aires 13 | 258<br>\nChaco 4 | 69<br>\nSanta Fe 13 | 90<br>\nC\u00f3rdoba 18 | 73<br>\nTierra del Fuego 4 | 21<br>\nSan Juan 1 | 1<br>\nCorrientes 1 | 9<br>\nJujuy 0 | 3<br>\nLa Pampa 2 | 3<br>\nEntre R\u00edos 0 | 10<br>\nLa Rioja 1 | 1<br>\nMendoza 1 | 10<br>\nMisiones 1 | 2<br>\nNeuqu\u00e9n 0 | 12<br>\nR\u00edo Negro 0 | 8<br>\nSalta 0 | 1<br>\nSan Luis 0 | 6<br>\nSanta Cruz 0 | 9<br>\nSantiago 0 | 2<br>\nTucum\u00e1n 0 | 15<br>\nCatamarca 0 | 0<br>\nChubut 0 | 0<br>\nFormosa 0 | 0<\/p>\n\n\n\n<p>Aclaraci\u00f3n: la notificaci\u00f3n de los casos por jurisdicci\u00f3n se realiza teniendo en cuenta la residencia seg\u00fan el Registro Nacional de las Personas y en caso de no estar notificado la provincia de residencia, se asigna la provincia de carga. Pudiendo variar en funci\u00f3n de la investigaci\u00f3n de la jurisdicci\u00f3n<\/p>\n\n\n\n<p>Zonas definidas por la Organizaci\u00f3n Mundial de la Salud como de transmisi\u00f3n local o comunitaria:<br>\nhttps:\/\/www.who.int\/emergencies\/diseases\/novel-coronavirus-2019\/situation-reports<\/p>\n","protected":false},"excerpt":{"rendered":"<p>Compartimos el informe nacional del d\u00eda domingo 29 de marzo, sobre los casos confirmados incluyendo detalles por provincia. Un hombre &#8230; <a title=\"Coronavirus: un fallecido m\u00e1s y confirman 75 casos positivos m\u00e1s a nivel nacional\" class=\"read-more\" href=\"https:\/\/www.hoymercedes.com.ar\/principal\/2020\/03\/29\/coronavirus-un-fallecido-mas-y-confirman-75-casos-a-nivel-nacional\/\" aria-label=\"Leer m\u00e1s sobre Coronavirus: un fallecido m\u00e1s y confirman 75 casos positivos m\u00e1s a nivel nacional\">Leer m\u00e1s<\/a><\/p>\n","protected":false},"author":1,"featured_media":108136,"comment_status":"closed","ping_status":"open","sticky":false,"template":"","format":"standard","meta":{"_monsterinsights_skip_tracking":false,"_monsterinsights_sitenote_active":false,"_monsterinsights_sitenote_note":"","_monsterinsights_sitenote_category":0,"jetpack_post_was_ever_published":false,"_jetpack_newsletter_access":"","_jetpack_dont_email_post_to_subs":false,"_jetpack_newsletter_tier_id":0,"_jetpack_memberships_contains_paywalled_content":false,"_jetpack_memberships_contains_paid_content":false,"footnotes":"","jetpack_publicize_message":"","jetpack_publicize_feature_enabled":true,"jetpack_social_post_already_shared":true,"jetpack_social_options":{"image_generator_settings":{"template":"highway","default_image_id":0,"font":"","enabled":false},"version":2},"_wpas_customize_per_network":false},"categories":[9791],"tags":[16409,16175,15693,134],"class_list":["post-108645","post","type-post","status-publish","format-standard","has-post-thumbnail","hentry","category-salud","tag-cobid-19","tag-coronavirus","tag-informe-nacional","tag-salud","generate-columns","tablet-grid-50","mobile-grid-100","grid-parent","grid-50"],"jetpack_publicize_connections":[],"jetpack_featured_media_url":"https:\/\/www.hoymercedes.com.ar\/principal\/wp-content\/uploads\/2020\/03\/2020-covid-coronavirus.jpg","wps_subtitle":"Informe nacional","jetpack_sharing_enabled":true,"_links":{"self":[{"href":"https:\/\/www.hoymercedes.com.ar\/principal\/wp-json\/wp\/v2\/posts\/108645","targetHints":{"allow":["GET"]}}],"collection":[{"href":"https:\/\/www.hoymercedes.com.ar\/principal\/wp-json\/wp\/v2\/posts"}],"about":[{"href":"https:\/\/www.hoymercedes.com.ar\/principal\/wp-json\/wp\/v2\/types\/post"}],"author":[{"embeddable":true,"href":"https:\/\/www.hoymercedes.com.ar\/principal\/wp-json\/wp\/v2\/users\/1"}],"replies":[{"embeddable":true,"href":"https:\/\/www.hoymercedes.com.ar\/principal\/wp-json\/wp\/v2\/comments?post=108645"}],"version-history":[{"count":0,"href":"https:\/\/www.hoymercedes.com.ar\/principal\/wp-json\/wp\/v2\/posts\/108645\/revisions"}],"wp:featuredmedia":[{"embeddable":true,"href":"https:\/\/www.hoymercedes.com.ar\/principal\/wp-json\/wp\/v2\/media\/108136"}],"wp:attachment":[{"href":"https:\/\/www.hoymercedes.com.ar\/principal\/wp-json\/wp\/v2\/media?parent=108645"}],"wp:term":[{"taxonomy":"category","embeddable":true,"href":"https:\/\/www.hoymercedes.com.ar\/principal\/wp-json\/wp\/v2\/categories?post=108645"},{"taxonomy":"post_tag","embeddable":true,"href":"https:\/\/www.hoymercedes.com.ar\/principal\/wp-json\/wp\/v2\/tags?post=108645"}],"curies":[{"name":"wp","href":"https:\/\/api.w.org\/{rel}","templated":true}]}}