{"id":108664,"date":"2020-03-30T00:13:26","date_gmt":"2020-03-30T03:13:26","guid":{"rendered":"http:\/\/www.hoymercedes.com.ar\/principal\/?p=108664"},"modified":"2020-03-30T00:13:29","modified_gmt":"2020-03-30T03:13:29","slug":"aislamiento-obligatorio-detienen-a-otros-veinticuatro-vecinos","status":"publish","type":"post","link":"https:\/\/www.hoymercedes.com.ar\/principal\/2020\/03\/30\/aislamiento-obligatorio-detienen-a-otros-veinticuatro-vecinos\/","title":{"rendered":"Aislamiento obligatorio: detienen a otros veinticuatro vecinos"},"content":{"rendered":"\n<p>Durante la jornada de este domingo otros  veinticuatro vecinos y vecinas fueron detenidos y con inicio de causas judiciales por violar el aislamiento social preventivo obligatorio. Las actuaciones policiales se dieron en distintos puntos de la ciudad y en Gowland. Desde que inici\u00f3 el aislamiento van 104 causas iniciadas. <\/p>\n\n\n\n<figure class=\"wp-block-image size-large\"><img loading=\"lazy\" decoding=\"async\" width=\"600\" height=\"854\" data-attachment-id=\"108670\" data-permalink=\"https:\/\/www.hoymercedes.com.ar\/principal\/2020\/03\/30\/aislamiento-obligatorio-detienen-a-otros-veinticuatro-vecinos\/img-20200330-wa0001_copy_600x854\/#main\" data-orig-file=\"https:\/\/www.hoymercedes.com.ar\/principal\/wp-content\/uploads\/2020\/03\/IMG-20200330-WA0001_copy_600x854.jpg\" data-orig-size=\"600,854\" data-comments-opened=\"0\" data-image-meta=\"{&quot;aperture&quot;:&quot;0&quot;,&quot;credit&quot;:&quot;&quot;,&quot;camera&quot;:&quot;&quot;,&quot;caption&quot;:&quot;&quot;,&quot;created_timestamp&quot;:&quot;0&quot;,&quot;copyright&quot;:&quot;&quot;,&quot;focal_length&quot;:&quot;0&quot;,&quot;iso&quot;:&quot;0&quot;,&quot;shutter_speed&quot;:&quot;0&quot;,&quot;title&quot;:&quot;&quot;,&quot;orientation&quot;:&quot;0&quot;}\" data-image-title=\"IMG-20200330-WA0001_copy_600x854\" data-image-description=\"\" data-image-caption=\"\" data-large-file=\"https:\/\/www.hoymercedes.com.ar\/principal\/wp-content\/uploads\/2020\/03\/IMG-20200330-WA0001_copy_600x854.jpg\" src=\"https:\/\/www.hoymercedes.com.ar\/principal\/wp-content\/uploads\/2020\/03\/IMG-20200330-WA0001_copy_600x854.jpg\" alt=\"\" class=\"wp-image-108670\"\/><\/figure>\n\n\n\n<p>De los detenidos s\u00f3lo una es mujer, todos los dem\u00e1s son varones. Diez de ellos fueron detenidos en la localidad de Gowland por la delegaci\u00f3n de la polic\u00eda comunal que all\u00ed se encuentra, mientras deambulaban todos ellos paseando en una camioneta Ford Ranger negra, rompiendo no s\u00f3lo la cuarentena sino tambi\u00e9n la cantidad de pasajeros acordes a ducho tipo de veh\u00edculo.<\/p>\n\n\n\n<p>\u201cEntendemos es muy importante el cumplimiento del aislamiento. Ac\u00e1 est\u00e1 en juego la vida humana\u201d afirm\u00f3 el secretario de seguridad, Gast\u00f3n Arenas, quien mancion\u00f3 que \u201chay un gran trabajo preventivo y de contenci\u00f3n de las fuerzas de seguridad intervinientes, como as\u00ed tambi\u00e9n de la justicia, pero es fundamental tomemos consciencia\u201d afirm\u00f3 el responsable de la cartera comunal de seguridad.<\/p>\n\n\n\n<p>Es importante recordar que todos los accesos a la ciudad est\u00e1n cerrados, a excepci\u00f3n de los accesos pro avenida 2 y avenida 40 y RP N\u00b041 donde tambi\u00e9n hay puestos policiales.<\/p>\n\n\n\n<p>Fuente: Prensa Municipal<\/p>\n\n\n\n<figure class=\"wp-block-image size-large\"><img loading=\"lazy\" decoding=\"async\" width=\"600\" height=\"651\" data-attachment-id=\"108669\" data-permalink=\"https:\/\/www.hoymercedes.com.ar\/principal\/2020\/03\/30\/aislamiento-obligatorio-detienen-a-otros-veinticuatro-vecinos\/img-20200330-wa0000_copy_600x651\/#main\" data-orig-file=\"https:\/\/www.hoymercedes.com.ar\/principal\/wp-content\/uploads\/2020\/03\/IMG-20200330-WA0000_copy_600x651.jpg\" data-orig-size=\"600,651\" data-comments-opened=\"0\" data-image-meta=\"{&quot;aperture&quot;:&quot;0&quot;,&quot;credit&quot;:&quot;&quot;,&quot;camera&quot;:&quot;&quot;,&quot;caption&quot;:&quot;&quot;,&quot;created_timestamp&quot;:&quot;0&quot;,&quot;copyright&quot;:&quot;&quot;,&quot;focal_length&quot;:&quot;0&quot;,&quot;iso&quot;:&quot;0&quot;,&quot;shutter_speed&quot;:&quot;0&quot;,&quot;title&quot;:&quot;&quot;,&quot;orientation&quot;:&quot;0&quot;}\" data-image-title=\"IMG-20200330-WA0000_copy_600x651\" data-image-description=\"\" data-image-caption=\"\" data-large-file=\"https:\/\/www.hoymercedes.com.ar\/principal\/wp-content\/uploads\/2020\/03\/IMG-20200330-WA0000_copy_600x651.jpg\" src=\"https:\/\/www.hoymercedes.com.ar\/principal\/wp-content\/uploads\/2020\/03\/IMG-20200330-WA0000_copy_600x651.jpg\" alt=\"\" class=\"wp-image-108669\"\/><\/figure>\n","protected":false},"excerpt":{"rendered":"<p>Durante la jornada de este domingo otros veinticuatro vecinos y vecinas fueron detenidos y con inicio de causas judiciales por &#8230; <a title=\"Aislamiento obligatorio: detienen a otros veinticuatro vecinos\" class=\"read-more\" href=\"https:\/\/www.hoymercedes.com.ar\/principal\/2020\/03\/30\/aislamiento-obligatorio-detienen-a-otros-veinticuatro-vecinos\/\" aria-label=\"Leer m\u00e1s sobre Aislamiento obligatorio: detienen a otros veinticuatro vecinos\">Leer m\u00e1s<\/a><\/p>\n","protected":false},"author":1,"featured_media":108668,"comment_status":"closed","ping_status":"open","sticky":false,"template":"","format":"standard","meta":{"_monsterinsights_skip_tracking":false,"_monsterinsights_sitenote_active":false,"_monsterinsights_sitenote_note":"","_monsterinsights_sitenote_category":0,"jetpack_post_was_ever_published":false,"_jetpack_newsletter_access":"","_jetpack_dont_email_post_to_subs":false,"_jetpack_newsletter_tier_id":0,"_jetpack_memberships_contains_paywalled_content":false,"_jetpack_memberships_contains_paid_content":false,"footnotes":"","jetpack_publicize_message":"","jetpack_publicize_feature_enabled":true,"jetpack_social_post_already_shared":true,"jetpack_social_options":{"image_generator_settings":{"template":"highway","default_image_id":0,"font":"","enabled":false},"version":2},"_wpas_customize_per_network":false},"categories":[8],"tags":[],"class_list":["post-108664","post","type-post","status-publish","format-standard","has-post-thumbnail","hentry","category-sociedad","generate-columns","tablet-grid-50","mobile-grid-100","grid-parent","grid-50"],"jetpack_publicize_connections":[],"jetpack_featured_media_url":"https:\/\/www.hoymercedes.com.ar\/principal\/wp-content\/uploads\/2020\/03\/IMG-20200330-WA0002_copy_600x853.jpg","wps_subtitle":"Informe oficial","jetpack_sharing_enabled":true,"_links":{"self":[{"href":"https:\/\/www.hoymercedes.com.ar\/principal\/wp-json\/wp\/v2\/posts\/108664","targetHints":{"allow":["GET"]}}],"collection":[{"href":"https:\/\/www.hoymercedes.com.ar\/principal\/wp-json\/wp\/v2\/posts"}],"about":[{"href":"https:\/\/www.hoymercedes.com.ar\/principal\/wp-json\/wp\/v2\/types\/post"}],"author":[{"embeddable":true,"href":"https:\/\/www.hoymercedes.com.ar\/principal\/wp-json\/wp\/v2\/users\/1"}],"replies":[{"embeddable":true,"href":"https:\/\/www.hoymercedes.com.ar\/principal\/wp-json\/wp\/v2\/comments?post=108664"}],"version-history":[{"count":0,"href":"https:\/\/www.hoymercedes.com.ar\/principal\/wp-json\/wp\/v2\/posts\/108664\/revisions"}],"wp:featuredmedia":[{"embeddable":true,"href":"https:\/\/www.hoymercedes.com.ar\/principal\/wp-json\/wp\/v2\/media\/108668"}],"wp:attachment":[{"href":"https:\/\/www.hoymercedes.com.ar\/principal\/wp-json\/wp\/v2\/media?parent=108664"}],"wp:term":[{"taxonomy":"category","embeddable":true,"href":"https:\/\/www.hoymercedes.com.ar\/principal\/wp-json\/wp\/v2\/categories?post=108664"},{"taxonomy":"post_tag","embeddable":true,"href":"https:\/\/www.hoymercedes.com.ar\/principal\/wp-json\/wp\/v2\/tags?post=108664"}],"curies":[{"name":"wp","href":"https:\/\/api.w.org\/{rel}","templated":true}]}}