{"id":108690,"date":"2020-03-30T19:25:00","date_gmt":"2020-03-30T22:25:00","guid":{"rendered":"http:\/\/www.hoymercedes.com.ar\/principal\/?p=108690"},"modified":"2020-03-30T19:21:09","modified_gmt":"2020-03-30T22:21:09","slug":"hemoterapia-por-el-feriado-del-martes-se-recibiran-dadores-de-sangre-el-dia-jueves-2","status":"publish","type":"post","link":"https:\/\/www.hoymercedes.com.ar\/principal\/2020\/03\/30\/hemoterapia-por-el-feriado-del-martes-se-recibiran-dadores-de-sangre-el-dia-jueves-2\/","title":{"rendered":"Hemoterapia: Por el feriado del martes, se recibir\u00e1n dadores de sangre el d\u00eda jueves 2"},"content":{"rendered":"\n<p>Tal como inform\u00e1bamos la semana pasada, el Hospital Blas L. Dubarry solicit\u00f3 a los vecinos que p<a rel=\"noreferrer noopener\" aria-label=\"udiesen donar sangre (se abre en una nueva pesta\u00f1a)\" href=\"https:\/\/www.hoymercedes.com.ar\/principal\/2020\/03\/25\/hospital-busca-dadores-de-sangre-para-reforzar-su-banco\/\" target=\"_blank\">udiesen donar sangre<\/a> se presenten en el SAPEC (10 y 37) donde a partir de la semana pasada el \u00e1rea de hemoterapia se encuentra recibiendo los donantes. En di\u00e1logo con la Dra. Liliana Miranda, a cargo del \u00e1rea, confirm\u00f3 que este martes 31 de marzo, respetando el feriado nacional, no estar\u00e1n atendiendo, pero s\u00ed lo har\u00e1n el jueves 2 de abril, de 8 a 10 horas. Cabe destacarte que a la campa\u00f1a de b\u00fasqueda de donantes se sumaron los clubes Independiente, Racing y All Boys. <\/p>\n","protected":false},"excerpt":{"rendered":"<p>Tal como inform\u00e1bamos la semana pasada, el Hospital Blas L. Dubarry solicit\u00f3 a los vecinos que pudiesen donar sangre se &#8230; <a title=\"Hemoterapia: Por el feriado del martes, se recibir\u00e1n dadores de sangre el d\u00eda jueves 2\" class=\"read-more\" href=\"https:\/\/www.hoymercedes.com.ar\/principal\/2020\/03\/30\/hemoterapia-por-el-feriado-del-martes-se-recibiran-dadores-de-sangre-el-dia-jueves-2\/\" aria-label=\"Leer m\u00e1s sobre Hemoterapia: Por el feriado del martes, se recibir\u00e1n dadores de sangre el d\u00eda jueves 2\">Leer m\u00e1s<\/a><\/p>\n","protected":false},"author":1,"featured_media":90720,"comment_status":"closed","ping_status":"open","sticky":false,"template":"","format":"standard","meta":{"_monsterinsights_skip_tracking":false,"_monsterinsights_sitenote_active":false,"_monsterinsights_sitenote_note":"","_monsterinsights_sitenote_category":0,"jetpack_post_was_ever_published":false,"_jetpack_newsletter_access":"","_jetpack_dont_email_post_to_subs":false,"_jetpack_newsletter_tier_id":0,"_jetpack_memberships_contains_paywalled_content":false,"_jetpack_memberships_contains_paid_content":false,"footnotes":"","jetpack_publicize_message":"","jetpack_publicize_feature_enabled":true,"jetpack_social_post_already_shared":true,"jetpack_social_options":{"image_generator_settings":{"template":"highway","default_image_id":0,"font":"","enabled":false},"version":2},"_wpas_customize_per_network":false},"categories":[9791],"tags":[8908,9783,16411,624],"class_list":["post-108690","post","type-post","status-publish","format-standard","has-post-thumbnail","hentry","category-salud","tag-dadores-de-sangre","tag-donacion","tag-hemoterapia","tag-hospital-blas-l-dubarry","generate-columns","tablet-grid-50","mobile-grid-100","grid-parent","grid-50"],"jetpack_publicize_connections":[],"jetpack_featured_media_url":"https:\/\/www.hoymercedes.com.ar\/principal\/wp-content\/uploads\/2019\/04\/03-dadores-de-sangre.jpg","wps_subtitle":"En el marco de la pandemia","jetpack_sharing_enabled":true,"_links":{"self":[{"href":"https:\/\/www.hoymercedes.com.ar\/principal\/wp-json\/wp\/v2\/posts\/108690","targetHints":{"allow":["GET"]}}],"collection":[{"href":"https:\/\/www.hoymercedes.com.ar\/principal\/wp-json\/wp\/v2\/posts"}],"about":[{"href":"https:\/\/www.hoymercedes.com.ar\/principal\/wp-json\/wp\/v2\/types\/post"}],"author":[{"embeddable":true,"href":"https:\/\/www.hoymercedes.com.ar\/principal\/wp-json\/wp\/v2\/users\/1"}],"replies":[{"embeddable":true,"href":"https:\/\/www.hoymercedes.com.ar\/principal\/wp-json\/wp\/v2\/comments?post=108690"}],"version-history":[{"count":0,"href":"https:\/\/www.hoymercedes.com.ar\/principal\/wp-json\/wp\/v2\/posts\/108690\/revisions"}],"wp:featuredmedia":[{"embeddable":true,"href":"https:\/\/www.hoymercedes.com.ar\/principal\/wp-json\/wp\/v2\/media\/90720"}],"wp:attachment":[{"href":"https:\/\/www.hoymercedes.com.ar\/principal\/wp-json\/wp\/v2\/media?parent=108690"}],"wp:term":[{"taxonomy":"category","embeddable":true,"href":"https:\/\/www.hoymercedes.com.ar\/principal\/wp-json\/wp\/v2\/categories?post=108690"},{"taxonomy":"post_tag","embeddable":true,"href":"https:\/\/www.hoymercedes.com.ar\/principal\/wp-json\/wp\/v2\/tags?post=108690"}],"curies":[{"name":"wp","href":"https:\/\/api.w.org\/{rel}","templated":true}]}}