{"id":108696,"date":"2020-03-30T20:22:20","date_gmt":"2020-03-30T23:22:20","guid":{"rendered":"http:\/\/www.hoymercedes.com.ar\/principal\/?p=108696"},"modified":"2020-03-30T20:32:14","modified_gmt":"2020-03-30T23:32:14","slug":"coronavirus-dan-de-alta-al-paciente-ingles-internado-en-el-dubarry","status":"publish","type":"post","link":"https:\/\/www.hoymercedes.com.ar\/principal\/2020\/03\/30\/coronavirus-dan-de-alta-al-paciente-ingles-internado-en-el-dubarry\/","title":{"rendered":"Coronavirus: Dan de alta al paciente ingl\u00e9s internado en el Dubarry"},"content":{"rendered":"\n<p> En la noche de este lunes se conoci\u00f3 que dieron de alta al paciente ingl\u00e9s de 22 a\u00f1os que se encontraba en aislamiento en terapia en el Hospital Blas L. Dubarry desde el s\u00e1bado 14 de marzo cuando ingres\u00f3 al nosocomio mercedino para confirmar d\u00edas m\u00e1s tardes el positivo por COVID-19 y desde ese momento realizar el tratamiento correspondiente. La Embajada Brit\u00e1nica lo trasladar\u00e1 a su pa\u00eds de origen. <\/p>\n\n\n\n<p>La comunicaci\u00f3n oficial expresa: \u00abPor la presente se comunica que finalmente se negativizaron los an\u00e1lisis del \u00fanico paciente confirmado de coronavirus, el paciente ingl\u00e9s. Lo que significa que se ha curado. Ya no tiene coronavirus en su cuerpo. Se ir\u00e1 con sus amigos y compa\u00f1eros hasta que la embajada inglesa logr\u00e9 tramitar el vuelo de repatriaci\u00f3n\u00bb<\/p>\n\n\n\n<p>A lo que agregan: \u00abPermanece internada en el Hospital, s\u00f3lo una paciente como caso sospechoso hasta obtener resultados que confirmen o descarten la enfermedad\u00bb<\/p>\n\n\n\n<p>\u00abAprovechamos para reforzar que la medida m\u00e1s importante que podemos tomar entre todos, es QUEDARNOS EN CASA!!!\u00bb concluyen desde el municipio. <\/p>\n\n\n\n<p>La comitiva que lleg\u00f3 con \u00e9l y se mantuvo aislada desde su arribo a un campo en el partido de Mercedes  se encuentran all\u00ed a la espera de las confirmaci\u00f3n de la Embajada Brit\u00e1nica para su traslado que est\u00e1 recibiendo consultas de todos los brit\u00e1nicos en Argentina que necesiten o deseenn volver a las islas. <\/p>\n","protected":false},"excerpt":{"rendered":"<p>En la noche de este lunes se conoci\u00f3 que dieron de alta al paciente ingl\u00e9s de 22 a\u00f1os que se &#8230; <a title=\"Coronavirus: Dan de alta al paciente ingl\u00e9s internado en el Dubarry\" class=\"read-more\" href=\"https:\/\/www.hoymercedes.com.ar\/principal\/2020\/03\/30\/coronavirus-dan-de-alta-al-paciente-ingles-internado-en-el-dubarry\/\" aria-label=\"Leer m\u00e1s sobre Coronavirus: Dan de alta al paciente ingl\u00e9s internado en el Dubarry\">Leer m\u00e1s<\/a><\/p>\n","protected":false},"author":1,"featured_media":91509,"comment_status":"closed","ping_status":"open","sticky":false,"template":"","format":"standard","meta":{"_monsterinsights_skip_tracking":false,"_monsterinsights_sitenote_active":false,"_monsterinsights_sitenote_note":"","_monsterinsights_sitenote_category":0,"jetpack_post_was_ever_published":false,"_jetpack_newsletter_access":"","_jetpack_dont_email_post_to_subs":false,"_jetpack_newsletter_tier_id":0,"_jetpack_memberships_contains_paywalled_content":false,"_jetpack_memberships_contains_paid_content":false,"footnotes":"","jetpack_publicize_message":"","jetpack_publicize_feature_enabled":true,"jetpack_social_post_already_shared":true,"jetpack_social_options":{"image_generator_settings":{"template":"highway","default_image_id":0,"font":"","enabled":false},"version":2},"_wpas_customize_per_network":false},"categories":[9791],"tags":[16413,16175,16313,140,16414,134],"class_list":["post-108696","post","type-post","status-publish","format-standard","has-post-thumbnail","hentry","category-salud","tag-alta","tag-coronavirus","tag-covid-19","tag-hospital-dubarry","tag-paciente-ingles","tag-salud","generate-columns","tablet-grid-50","mobile-grid-100","grid-parent","grid-50"],"jetpack_publicize_connections":[],"jetpack_featured_media_url":"https:\/\/www.hoymercedes.com.ar\/principal\/wp-content\/uploads\/2019\/04\/17-Hospital-Dubarry.jpg","wps_subtitle":"Informaci\u00f3n oficial","jetpack_sharing_enabled":true,"_links":{"self":[{"href":"https:\/\/www.hoymercedes.com.ar\/principal\/wp-json\/wp\/v2\/posts\/108696","targetHints":{"allow":["GET"]}}],"collection":[{"href":"https:\/\/www.hoymercedes.com.ar\/principal\/wp-json\/wp\/v2\/posts"}],"about":[{"href":"https:\/\/www.hoymercedes.com.ar\/principal\/wp-json\/wp\/v2\/types\/post"}],"author":[{"embeddable":true,"href":"https:\/\/www.hoymercedes.com.ar\/principal\/wp-json\/wp\/v2\/users\/1"}],"replies":[{"embeddable":true,"href":"https:\/\/www.hoymercedes.com.ar\/principal\/wp-json\/wp\/v2\/comments?post=108696"}],"version-history":[{"count":0,"href":"https:\/\/www.hoymercedes.com.ar\/principal\/wp-json\/wp\/v2\/posts\/108696\/revisions"}],"wp:featuredmedia":[{"embeddable":true,"href":"https:\/\/www.hoymercedes.com.ar\/principal\/wp-json\/wp\/v2\/media\/91509"}],"wp:attachment":[{"href":"https:\/\/www.hoymercedes.com.ar\/principal\/wp-json\/wp\/v2\/media?parent=108696"}],"wp:term":[{"taxonomy":"category","embeddable":true,"href":"https:\/\/www.hoymercedes.com.ar\/principal\/wp-json\/wp\/v2\/categories?post=108696"},{"taxonomy":"post_tag","embeddable":true,"href":"https:\/\/www.hoymercedes.com.ar\/principal\/wp-json\/wp\/v2\/tags?post=108696"}],"curies":[{"name":"wp","href":"https:\/\/api.w.org\/{rel}","templated":true}]}}