{"id":108701,"date":"2020-03-30T21:19:22","date_gmt":"2020-03-31T00:19:22","guid":{"rendered":"http:\/\/www.hoymercedes.com.ar\/principal\/?p=108701"},"modified":"2020-03-31T13:11:36","modified_gmt":"2020-03-31T16:11:36","slug":"coronavirus-informe-nacional-de-casos-positivos-y-fallecidos-por-el-covid-19","status":"publish","type":"post","link":"https:\/\/www.hoymercedes.com.ar\/principal\/2020\/03\/30\/coronavirus-informe-nacional-de-casos-positivos-y-fallecidos-por-el-covid-19\/","title":{"rendered":"Coronavirus: informe nacional de casos positivos y fallecidos por el COVID-19"},"content":{"rendered":"\n<p>Se dio a conocer el informe diario de los casos positivos confirmados y la cantidad de personas que fallecieron por ser portadores del virus COVID-19 en nuestro pa\u00eds. Oficialmente confirmaron 146 nuevos casos y cuatro personas fallecidas en el d\u00eda de hoy: Dos hombres en la provincia de Buenos Aires y dos mujeres, una de Tucum\u00e1n y otra de Neuqu\u00e9n. <\/p>\n\n\n\n<p>\ud83d\udccc<em>Hoy fueron confirmados 146 nuevos casos de COVID-19.<\/em> Con estos registros, suman 966 positivos en el pa\u00eds.<\/p>\n\n\n\n<p>\ud83d\udcccDel total de esos casos, 50,6% son importados.<\/p>\n\n\n\n<p>\ud83d\udccc<em>Se registraron 4 nuevas muertes.<\/em> Dos hombres de la provincia de Buenos Aires, de 67 y 58 a\u00f1os; una mujer de la provincia Tucum\u00e1n de 77 a\u00f1os; y otra mujer de 68 a\u00f1os de la provincia de Neuqu\u00e9n. Los fallecidos hasta el momento suman un total de 24.<\/p>\n\n\n\n<p>\ud83d\udcccLas autoridades contin\u00faan con las medidas intensivas para reducir la circulaci\u00f2n del virus al pa\u00eds y disminuir su transmisi\u00f3n. En este sentido es clave la estrategia de mitigaci\u00f3n de la mortalidad destinada a personas mayores de 60 a\u00f1os y personas que integren los grupos de riesgo.<\/p>\n\n\n\n<p>\ud83d\udcccDetalle por provincia (N\u00ba de confirmados | N\u00ba de acumulados):<br>\nBuenos Aires 36 | 253<br>\nCiudad de Buenos Aires 34 | 292<br>\nChaco 12 | 81<br>\nSanta Fe 21 | 111<br>\nC\u00f3rdoba 8 | 81<br>\nTierra del Fuego 11 | 32<br>\nSan Juan 0 | 1<br>\nCorrientes 10 | 19<br>\nJujuy 0 | 3<br>\nLa Pampa 0 | 3<br>\nEntre R\u00edos 3 | 13<br>\nLa Rioja 0 | 1<br>\nMendoza 3 | 13<br>\nMisiones 0 | 2<br>\nNeuqu\u00e9n 8 | 20<br>\nR\u00edo Negro 0 | 8<br>\nSalta 0 | 1<br>\nSan Luis 0 | 6<br>\nSanta Cruz 0 | 9<br>\nSantiago del Estero 0 | 2<br>\nTucum\u00e1n 0 | 15<br>\nCatamarca 0 | 0<br>\nChubut 0 | 0<br>\nFormosa 0 | 0<\/p>\n\n\n\n<p><em>Aclaraci\u00f3n:<\/em> la notificaci\u00f3n de los casos por jurisdicci\u00f3n se realiza teniendo en cuenta la residencia seg\u00fan el Registro Nacional de las Personas y en caso de no estar notificado la provincia de residencia, se asigna la provincia de carga. Pudiendo variar en funci\u00f3n de la investigaci\u00f3n de la jurisdicci\u00f3n<\/p>\n\n\n\n<p>Zonas definidas por la Organizaci\u00f3n Mundial de la Salud como de transmisi\u00f3n local o comunitaria:<br>\nhttps:\/\/www.who.int\/emergencies\/diseases\/novel-coronavirus-2019\/situation-reports<\/p>\n","protected":false},"excerpt":{"rendered":"<p>Se dio a conocer el informe diario de los casos positivos confirmados y la cantidad de personas que fallecieron por &#8230; <a title=\"Coronavirus: informe nacional de casos positivos y fallecidos por el COVID-19\" class=\"read-more\" href=\"https:\/\/www.hoymercedes.com.ar\/principal\/2020\/03\/30\/coronavirus-informe-nacional-de-casos-positivos-y-fallecidos-por-el-covid-19\/\" aria-label=\"Leer m\u00e1s sobre Coronavirus: informe nacional de casos positivos y fallecidos por el COVID-19\">Leer m\u00e1s<\/a><\/p>\n","protected":false},"author":1,"featured_media":108136,"comment_status":"closed","ping_status":"open","sticky":false,"template":"","format":"standard","meta":{"_monsterinsights_skip_tracking":false,"_monsterinsights_sitenote_active":false,"_monsterinsights_sitenote_note":"","_monsterinsights_sitenote_category":0,"jetpack_post_was_ever_published":false,"_jetpack_newsletter_access":"","_jetpack_dont_email_post_to_subs":false,"_jetpack_newsletter_tier_id":0,"_jetpack_memberships_contains_paywalled_content":false,"_jetpack_memberships_contains_paid_content":false,"footnotes":"","jetpack_publicize_message":"","jetpack_publicize_feature_enabled":true,"jetpack_social_post_already_shared":true,"jetpack_social_options":{"image_generator_settings":{"template":"highway","default_image_id":0,"font":"","enabled":false},"version":2},"_wpas_customize_per_network":false},"categories":[9791],"tags":[16175,16313,15693,134],"class_list":["post-108701","post","type-post","status-publish","format-standard","has-post-thumbnail","hentry","category-salud","tag-coronavirus","tag-covid-19","tag-informe-nacional","tag-salud","generate-columns","tablet-grid-50","mobile-grid-100","grid-parent","grid-50"],"jetpack_publicize_connections":[],"jetpack_featured_media_url":"https:\/\/www.hoymercedes.com.ar\/principal\/wp-content\/uploads\/2020\/03\/2020-covid-coronavirus.jpg","wps_subtitle":"Informe nacional","jetpack_sharing_enabled":true,"_links":{"self":[{"href":"https:\/\/www.hoymercedes.com.ar\/principal\/wp-json\/wp\/v2\/posts\/108701","targetHints":{"allow":["GET"]}}],"collection":[{"href":"https:\/\/www.hoymercedes.com.ar\/principal\/wp-json\/wp\/v2\/posts"}],"about":[{"href":"https:\/\/www.hoymercedes.com.ar\/principal\/wp-json\/wp\/v2\/types\/post"}],"author":[{"embeddable":true,"href":"https:\/\/www.hoymercedes.com.ar\/principal\/wp-json\/wp\/v2\/users\/1"}],"replies":[{"embeddable":true,"href":"https:\/\/www.hoymercedes.com.ar\/principal\/wp-json\/wp\/v2\/comments?post=108701"}],"version-history":[{"count":0,"href":"https:\/\/www.hoymercedes.com.ar\/principal\/wp-json\/wp\/v2\/posts\/108701\/revisions"}],"wp:featuredmedia":[{"embeddable":true,"href":"https:\/\/www.hoymercedes.com.ar\/principal\/wp-json\/wp\/v2\/media\/108136"}],"wp:attachment":[{"href":"https:\/\/www.hoymercedes.com.ar\/principal\/wp-json\/wp\/v2\/media?parent=108701"}],"wp:term":[{"taxonomy":"category","embeddable":true,"href":"https:\/\/www.hoymercedes.com.ar\/principal\/wp-json\/wp\/v2\/categories?post=108701"},{"taxonomy":"post_tag","embeddable":true,"href":"https:\/\/www.hoymercedes.com.ar\/principal\/wp-json\/wp\/v2\/tags?post=108701"}],"curies":[{"name":"wp","href":"https:\/\/api.w.org\/{rel}","templated":true}]}}