{"id":108712,"date":"2020-03-31T09:35:11","date_gmt":"2020-03-31T12:35:11","guid":{"rendered":"http:\/\/www.hoymercedes.com.ar\/principal\/?p=108712"},"modified":"2020-03-31T13:06:54","modified_gmt":"2020-03-31T16:06:54","slug":"aislamiento-continuan-las-detenciones-por-incumplimiento","status":"publish","type":"post","link":"https:\/\/www.hoymercedes.com.ar\/principal\/2020\/03\/31\/aislamiento-continuan-las-detenciones-por-incumplimiento\/","title":{"rendered":"Aislamiento: contin\u00faan las detenciones por incumplimiento"},"content":{"rendered":"\n<p>En nuestra ciudad el primer d\u00eda de la semana dej\u00f3 el saldo de 13 vecinos y vecinas detenidos y con causas por incumplir el aislamiento social preventivo y obligatorio. La norma busca prevenir la propagaci\u00f3n de coronavirus. <\/p>\n\n\n\n<p><em>Detenidos<\/em><br>\nHubo 13 personas que deben ahora rendir cuentas antes la justicia. Se trata de 4 mujeres y el resto todos hombres.<\/p>\n\n\n\n<p><em>Causas<\/em><br>\nAhora la cuesti\u00f3n quedar\u00e1 en manos de la justicia. Fueron detenidos en el marco del amplio operativo que llevan adelante las distintas fuerzas de seguridad, siendo Polic\u00eda Comunal, Federal, Rural, Gendarmer\u00eda Nacional y Tr\u00e1nsito. <\/p>\n\n\n\n<p><em>Total<\/em><br>\nHasta el momento, desde iniciado el proceso de aislamiento, se han efectuado 117 causas.<\/p>\n","protected":false},"excerpt":{"rendered":"<p>En nuestra ciudad el primer d\u00eda de la semana dej\u00f3 el saldo de 13 vecinos y vecinas detenidos y con &#8230; <a title=\"Aislamiento: contin\u00faan las detenciones por incumplimiento\" class=\"read-more\" href=\"https:\/\/www.hoymercedes.com.ar\/principal\/2020\/03\/31\/aislamiento-continuan-las-detenciones-por-incumplimiento\/\" aria-label=\"Leer m\u00e1s sobre Aislamiento: contin\u00faan las detenciones por incumplimiento\">Leer m\u00e1s<\/a><\/p>\n","protected":false},"author":1,"featured_media":108359,"comment_status":"closed","ping_status":"open","sticky":false,"template":"","format":"standard","meta":{"_monsterinsights_skip_tracking":false,"_monsterinsights_sitenote_active":false,"_monsterinsights_sitenote_note":"","_monsterinsights_sitenote_category":0,"jetpack_post_was_ever_published":false,"_jetpack_newsletter_access":"","_jetpack_dont_email_post_to_subs":false,"_jetpack_newsletter_tier_id":0,"_jetpack_memberships_contains_paywalled_content":false,"_jetpack_memberships_contains_paid_content":false,"footnotes":"","jetpack_publicize_message":"","jetpack_publicize_feature_enabled":true,"jetpack_social_post_already_shared":true,"jetpack_social_options":{"image_generator_settings":{"template":"highway","default_image_id":0,"font":"","enabled":false},"version":2},"_wpas_customize_per_network":false},"categories":[85],"tags":[16417,16175,16313,215,96],"class_list":["post-108712","post","type-post","status-publish","format-standard","has-post-thumbnail","hentry","category-policial","tag-aislamiento","tag-coronavirus","tag-covid-19","tag-detenciones","tag-policial-2","generate-columns","tablet-grid-50","mobile-grid-100","grid-parent","grid-50"],"jetpack_publicize_connections":[],"jetpack_featured_media_url":"https:\/\/www.hoymercedes.com.ar\/principal\/wp-content\/uploads\/2020\/03\/25-policia-comunal-corona.jpg","wps_subtitle":"Informe oficial","jetpack_sharing_enabled":true,"_links":{"self":[{"href":"https:\/\/www.hoymercedes.com.ar\/principal\/wp-json\/wp\/v2\/posts\/108712","targetHints":{"allow":["GET"]}}],"collection":[{"href":"https:\/\/www.hoymercedes.com.ar\/principal\/wp-json\/wp\/v2\/posts"}],"about":[{"href":"https:\/\/www.hoymercedes.com.ar\/principal\/wp-json\/wp\/v2\/types\/post"}],"author":[{"embeddable":true,"href":"https:\/\/www.hoymercedes.com.ar\/principal\/wp-json\/wp\/v2\/users\/1"}],"replies":[{"embeddable":true,"href":"https:\/\/www.hoymercedes.com.ar\/principal\/wp-json\/wp\/v2\/comments?post=108712"}],"version-history":[{"count":0,"href":"https:\/\/www.hoymercedes.com.ar\/principal\/wp-json\/wp\/v2\/posts\/108712\/revisions"}],"wp:featuredmedia":[{"embeddable":true,"href":"https:\/\/www.hoymercedes.com.ar\/principal\/wp-json\/wp\/v2\/media\/108359"}],"wp:attachment":[{"href":"https:\/\/www.hoymercedes.com.ar\/principal\/wp-json\/wp\/v2\/media?parent=108712"}],"wp:term":[{"taxonomy":"category","embeddable":true,"href":"https:\/\/www.hoymercedes.com.ar\/principal\/wp-json\/wp\/v2\/categories?post=108712"},{"taxonomy":"post_tag","embeddable":true,"href":"https:\/\/www.hoymercedes.com.ar\/principal\/wp-json\/wp\/v2\/tags?post=108712"}],"curies":[{"name":"wp","href":"https:\/\/api.w.org\/{rel}","templated":true}]}}