{"id":108715,"date":"2020-03-31T10:08:21","date_gmt":"2020-03-31T13:08:21","guid":{"rendered":"http:\/\/www.hoymercedes.com.ar\/principal\/?p=108715"},"modified":"2020-03-31T13:06:22","modified_gmt":"2020-03-31T16:06:22","slug":"coronavirus-el-caso-sospechoso-en-estudio-tenia-gripe-a","status":"publish","type":"post","link":"https:\/\/www.hoymercedes.com.ar\/principal\/2020\/03\/31\/coronavirus-el-caso-sospechoso-en-estudio-tenia-gripe-a\/","title":{"rendered":"Coronavirus: el caso sospechoso en estudio ten\u00eda Gripe A"},"content":{"rendered":"\n<p>A trav\u00e9s de un informe oficial, el Hospital Blas L. Dubarry confirm\u00f3 que el caso que ingres\u00f3 como sospechoso la semana pasada, una mujer que hab\u00eda vuelto d\u00edas antes de M\u00e9xico, fue descartado como caso de Covid-19. <\/p>\n\n\n\n<p>El parte oficial dice: <\/p>\n\n\n\n<p>\u00abSe comunica a los vecinos, que en esta madrugada hemos recibido los resultados de la unica paciente que permanec\u00eda internada como caso sospechoso de coronavirus. Se trataba de una gripe A, la misma al encontrarse bien de salud ha sido dada de alta, permanecer\u00e1 en su domicilio hasta completar los 14 d\u00edas desde su arribo del exterior. Queda descartado como caso de coronavirus\u00bb<\/p>\n\n\n\n<p>\u00abAl d\u00eda de hoy no hay casos sospechosos ni confirmados en el hospital. Pero le solicitamos  a la comunidad que maximicen las medidas de aislamiento social, ya que hay circulacion viral en grandes conglomerados como CABA y  primer cord\u00f3n del conurbano, y si no nos quedamos en casa, llegar\u00e1 a Mercedes el virus tambi\u00e9n\u00bb, agregan..<\/p>\n","protected":false},"excerpt":{"rendered":"<p>A trav\u00e9s de un informe oficial, el Hospital Blas L. Dubarry confirm\u00f3 que el caso que ingres\u00f3 como sospechoso la &#8230; <a title=\"Coronavirus: el caso sospechoso en estudio ten\u00eda Gripe A\" class=\"read-more\" href=\"https:\/\/www.hoymercedes.com.ar\/principal\/2020\/03\/31\/coronavirus-el-caso-sospechoso-en-estudio-tenia-gripe-a\/\" aria-label=\"Leer m\u00e1s sobre Coronavirus: el caso sospechoso en estudio ten\u00eda Gripe A\">Leer m\u00e1s<\/a><\/p>\n","protected":false},"author":1,"featured_media":91509,"comment_status":"closed","ping_status":"open","sticky":false,"template":"","format":"standard","meta":{"_monsterinsights_skip_tracking":false,"_monsterinsights_sitenote_active":false,"_monsterinsights_sitenote_note":"","_monsterinsights_sitenote_category":0,"jetpack_post_was_ever_published":false,"_jetpack_newsletter_access":"","_jetpack_dont_email_post_to_subs":false,"_jetpack_newsletter_tier_id":0,"_jetpack_memberships_contains_paywalled_content":false,"_jetpack_memberships_contains_paid_content":false,"footnotes":"","jetpack_publicize_message":"","jetpack_publicize_feature_enabled":true,"jetpack_social_post_already_shared":true,"jetpack_social_options":{"image_generator_settings":{"template":"highway","default_image_id":0,"font":"","enabled":false},"version":2},"_wpas_customize_per_network":false},"categories":[9791],"tags":[16400,16175,16313,624],"class_list":["post-108715","post","type-post","status-publish","format-standard","has-post-thumbnail","hentry","category-salud","tag-caso-sospechoso","tag-coronavirus","tag-covid-19","tag-hospital-blas-l-dubarry","generate-columns","tablet-grid-50","mobile-grid-100","grid-parent","grid-50"],"jetpack_publicize_connections":[],"jetpack_featured_media_url":"https:\/\/www.hoymercedes.com.ar\/principal\/wp-content\/uploads\/2019\/04\/17-Hospital-Dubarry.jpg","wps_subtitle":"Informe del Hospital","jetpack_sharing_enabled":true,"_links":{"self":[{"href":"https:\/\/www.hoymercedes.com.ar\/principal\/wp-json\/wp\/v2\/posts\/108715","targetHints":{"allow":["GET"]}}],"collection":[{"href":"https:\/\/www.hoymercedes.com.ar\/principal\/wp-json\/wp\/v2\/posts"}],"about":[{"href":"https:\/\/www.hoymercedes.com.ar\/principal\/wp-json\/wp\/v2\/types\/post"}],"author":[{"embeddable":true,"href":"https:\/\/www.hoymercedes.com.ar\/principal\/wp-json\/wp\/v2\/users\/1"}],"replies":[{"embeddable":true,"href":"https:\/\/www.hoymercedes.com.ar\/principal\/wp-json\/wp\/v2\/comments?post=108715"}],"version-history":[{"count":0,"href":"https:\/\/www.hoymercedes.com.ar\/principal\/wp-json\/wp\/v2\/posts\/108715\/revisions"}],"wp:featuredmedia":[{"embeddable":true,"href":"https:\/\/www.hoymercedes.com.ar\/principal\/wp-json\/wp\/v2\/media\/91509"}],"wp:attachment":[{"href":"https:\/\/www.hoymercedes.com.ar\/principal\/wp-json\/wp\/v2\/media?parent=108715"}],"wp:term":[{"taxonomy":"category","embeddable":true,"href":"https:\/\/www.hoymercedes.com.ar\/principal\/wp-json\/wp\/v2\/categories?post=108715"},{"taxonomy":"post_tag","embeddable":true,"href":"https:\/\/www.hoymercedes.com.ar\/principal\/wp-json\/wp\/v2\/tags?post=108715"}],"curies":[{"name":"wp","href":"https:\/\/api.w.org\/{rel}","templated":true}]}}