{"id":108720,"date":"2020-03-31T12:21:42","date_gmt":"2020-03-31T15:21:42","guid":{"rendered":"http:\/\/www.hoymercedes.com.ar\/principal\/?p=108720"},"modified":"2020-03-31T13:05:28","modified_gmt":"2020-03-31T16:05:28","slug":"anses-denuncia-intentos-de-estafa-con-el-ife","status":"publish","type":"post","link":"https:\/\/www.hoymercedes.com.ar\/principal\/2020\/03\/31\/anses-denuncia-intentos-de-estafa-con-el-ife\/","title":{"rendered":"ANSES denuncia intentos de estafa con el IFE"},"content":{"rendered":"\n<p><em>La ANSES informa que hoy present\u00f3 cinco\u00a0denuncias penales ante la Justicia para que \u00e9sta investigue los intentos de estafar a potenciales beneficiarios del Ingreso Familiar de Emergencia (IFE) en distintos puntos del pa\u00eds.<\/em>\u200b\u00a0\u00a0\u00a0\u00a0\u00a0\u00a0\u00a0\u00a0<\/p>\n\n\n\n<p>De acuerdo con denuncias recibidas en la ANSES, falsos empleados del organismo ofrecieron supuestas ayudas para cobrar el beneficio del IFE, por 10.000 pesos en el mes de abril, cuando se trata de un tr\u00e1mite personal y gratuito que no requiere realizar pago alguno.<\/p>\n\n\n\n<p>Estos supuestos gestores o intermediarios detectados en Misiones, Tierra del Fuego\/La Plata, Salta, Berazategui y Ostende (provincia de Buenos Aires), pretend\u00edan obtener datos de las cuentas bancarias de beneficiarios del IFE o \u200bcobrar un canon para facilitar los tr\u00e1mites, simulando ser agentes del organismo.<\/p>\n\n\n\n<p>La Direcci\u00f3n de Asuntos Penales, Investigaciones y Sumarios de la ANSES tom\u00f3 intervenci\u00f3n al conocer las denuncias formuladas por beneficiarios sobre estos intentos delictivos que podr\u00edan tipificarse como estafa.<\/p>\n\n\n\n<p>De esta manera, se informa que todas estas denuncias se han presentado ante la misma sede judicial, el Juzgado Criminal y Correccional Nro. 9 a cargo del Dr. Luis Rodriguez, Secretar\u00eda Nro. 18 a cargo del Dr. Grangeat Juan Manuel, en Comodoro Py 2002, de la Capital Federal.<\/p>\n\n\n\n<p>Fuente: Prensa ANSES<\/p>\n","protected":false},"excerpt":{"rendered":"<p>La ANSES informa que hoy present\u00f3 cinco\u00a0denuncias penales ante la Justicia para que \u00e9sta investigue los intentos de estafar a &#8230; <a title=\"ANSES denuncia intentos de estafa con el IFE\" class=\"read-more\" href=\"https:\/\/www.hoymercedes.com.ar\/principal\/2020\/03\/31\/anses-denuncia-intentos-de-estafa-con-el-ife\/\" aria-label=\"Leer m\u00e1s sobre ANSES denuncia intentos de estafa con el IFE\">Leer m\u00e1s<\/a><\/p>\n","protected":false},"author":1,"featured_media":73507,"comment_status":"closed","ping_status":"open","sticky":false,"template":"","format":"standard","meta":{"_monsterinsights_skip_tracking":false,"_monsterinsights_sitenote_active":false,"_monsterinsights_sitenote_note":"","_monsterinsights_sitenote_category":0,"jetpack_post_was_ever_published":false,"_jetpack_newsletter_access":"","_jetpack_dont_email_post_to_subs":false,"_jetpack_newsletter_tier_id":0,"_jetpack_memberships_contains_paywalled_content":false,"_jetpack_memberships_contains_paid_content":false,"footnotes":"","jetpack_publicize_message":"","jetpack_publicize_feature_enabled":true,"jetpack_social_post_already_shared":true,"jetpack_social_options":{"image_generator_settings":{"template":"highway","default_image_id":0,"font":"","enabled":false},"version":2},"_wpas_customize_per_network":false},"categories":[8],"tags":[4,16175,16313,14481,16416],"class_list":["post-108720","post","type-post","status-publish","format-standard","has-post-thumbnail","hentry","category-sociedad","tag-anses","tag-coronavirus","tag-covid-19","tag-estafa","tag-ife","generate-columns","tablet-grid-50","mobile-grid-100","grid-parent","grid-50"],"jetpack_publicize_connections":[],"jetpack_featured_media_url":"https:\/\/www.hoymercedes.com.ar\/principal\/wp-content\/uploads\/2018\/03\/15-anses-logo.jpg","wps_subtitle":"Atenci\u00f3n a posible beneficiarios","jetpack_sharing_enabled":true,"_links":{"self":[{"href":"https:\/\/www.hoymercedes.com.ar\/principal\/wp-json\/wp\/v2\/posts\/108720","targetHints":{"allow":["GET"]}}],"collection":[{"href":"https:\/\/www.hoymercedes.com.ar\/principal\/wp-json\/wp\/v2\/posts"}],"about":[{"href":"https:\/\/www.hoymercedes.com.ar\/principal\/wp-json\/wp\/v2\/types\/post"}],"author":[{"embeddable":true,"href":"https:\/\/www.hoymercedes.com.ar\/principal\/wp-json\/wp\/v2\/users\/1"}],"replies":[{"embeddable":true,"href":"https:\/\/www.hoymercedes.com.ar\/principal\/wp-json\/wp\/v2\/comments?post=108720"}],"version-history":[{"count":0,"href":"https:\/\/www.hoymercedes.com.ar\/principal\/wp-json\/wp\/v2\/posts\/108720\/revisions"}],"wp:featuredmedia":[{"embeddable":true,"href":"https:\/\/www.hoymercedes.com.ar\/principal\/wp-json\/wp\/v2\/media\/73507"}],"wp:attachment":[{"href":"https:\/\/www.hoymercedes.com.ar\/principal\/wp-json\/wp\/v2\/media?parent=108720"}],"wp:term":[{"taxonomy":"category","embeddable":true,"href":"https:\/\/www.hoymercedes.com.ar\/principal\/wp-json\/wp\/v2\/categories?post=108720"},{"taxonomy":"post_tag","embeddable":true,"href":"https:\/\/www.hoymercedes.com.ar\/principal\/wp-json\/wp\/v2\/tags?post=108720"}],"curies":[{"name":"wp","href":"https:\/\/api.w.org\/{rel}","templated":true}]}}