{"id":108726,"date":"2020-03-31T15:00:00","date_gmt":"2020-03-31T18:00:00","guid":{"rendered":"http:\/\/www.hoymercedes.com.ar\/principal\/?p=108726"},"modified":"2020-03-31T13:41:45","modified_gmt":"2020-03-31T16:41:45","slug":"se-extiende-hasta-el-viernes-3-la-pre-inscripcion-para-el-ingreso-familiar-de-emergencia","status":"publish","type":"post","link":"https:\/\/www.hoymercedes.com.ar\/principal\/2020\/03\/31\/se-extiende-hasta-el-viernes-3-la-pre-inscripcion-para-el-ingreso-familiar-de-emergencia\/","title":{"rendered":"Se extiende hasta el viernes 3 la pre inscripci\u00f3n para el Ingreso Familiar de Emergencia"},"content":{"rendered":"\n<p><em><\/em><em>La ANSES informa que la pre-inscripci\u00f3n para percibir el Ingreso Familiar de Emergencia (IFE) se extiende hasta el viernes 3 de abril para&nbsp;<strong>todas las terminaciones de DNI<\/strong>.<\/em>\u200b&nbsp;&nbsp;&nbsp;&nbsp;&nbsp;&nbsp;&nbsp;&nbsp;<\/p>\n\n\n\n<p>En este sentido, la ANSES comunica que los interesados en concretar la pre-inscripci\u00f3n para cobrar este beneficio y que no pudieron acceder en las fechas indicadas, pueden hacerlo a partir de las&nbsp;<strong>00 horas del mi\u00e9rcoles 1 de abril<\/strong>&nbsp;<strong>hasta las 23:59 horas del viernes 3 de abril<\/strong>.<\/p>\n\n\n\n<p>Despu\u00e9s de concretada esta pre-inscripci\u00f3n la ANSES llevar\u00e1 adelante un r\u00e1pido relevamiento de datos de la informaci\u00f3n recibida de los solicitantes y, posteriormente, solicitar\u00e1 a \u00e9stos toda una serie de datos complementarios.&nbsp;<\/p>\n\n\n\n<p>Es importante se\u00f1alar que el IFE se otorgar\u00e1 a las personas que est\u00e1n desempleadas, trabajen de manera informal, sean monotributistas de las categor\u00edas \u201cA\u201d y \u201cB\u201d o, tambi\u00e9n, trabajadoras de casas particulares, as\u00ed como a todos los beneficiarios de la AUH.<\/p>\n\n\n\n<p>Para que todas estas personas puedan acceder al IFE deben cumplir dos requisitos: 1) Ser argentino nativo o naturalizado y residente, con una residencia legal en el pa\u00eds no inferior a dos a\u00f1os, y 2) Tener entre 18 y 65 a\u00f1os de edad.<\/p>\n\n\n\n<p>Asimismo, cualquiera que re\u00fana estas condiciones s\u00f3lo podr\u00e1 acceder al IFE siempre que \u00e9l o alg\u00fan miembro de su grupo familiar no perciban ingresos provenientes:<br>a) de un trabajo en relaci\u00f3n de dependencia p\u00fablico o privado<br>b) de ser monotributista de categor\u00eda \u201cC\u201d o superior o del r\u00e9gimen de aut\u00f3nomos<br>c) de una prestaci\u00f3n de desempleo<br>d) de jubilaciones, pensiones o retiros contributivos o no contributivos nacionales, provinciales, municipales o de la Ciudad Aut\u00f3noma de Buenos Aires (CABA)<br>e) de planes sociales, salario social complementario, Hacemos Futuro, Potenciar Trabajo u otros programas sociales nacionales, provinciales o municipales, a excepci\u00f3n de los de la AUH o Embarazo.<\/p>\n\n\n\n<p>El IFE se abonar\u00e1 por \u00fanica vez en el mes de abril, si bien podr\u00e1 ser prorrogado en caso de ser necesario.<\/p>\n\n\n\n<p>Finalmente, cabe destacar que es muy importante que los beneficiarios de la Asignaci\u00f3n Universal por Hijo (AUH) se abstengan de realizar esta pre-inscripci\u00f3n ya que est\u00e1n autom\u00e1ticamente incluidos en el IFE y cobrar\u00e1n los 10.000 pesos en la misma cuenta en la que reciben pagos todos los meses.\u00a0<\/p>\n\n\n\n<p><\/p>\n","protected":false},"excerpt":{"rendered":"<p>La ANSES informa que la pre-inscripci\u00f3n para percibir el Ingreso Familiar de Emergencia (IFE) se extiende hasta el viernes 3 &#8230; <a title=\"Se extiende hasta el viernes 3 la pre inscripci\u00f3n para el Ingreso Familiar de Emergencia\" class=\"read-more\" href=\"https:\/\/www.hoymercedes.com.ar\/principal\/2020\/03\/31\/se-extiende-hasta-el-viernes-3-la-pre-inscripcion-para-el-ingreso-familiar-de-emergencia\/\" aria-label=\"Leer m\u00e1s sobre Se extiende hasta el viernes 3 la pre inscripci\u00f3n para el Ingreso Familiar de Emergencia\">Leer m\u00e1s<\/a><\/p>\n","protected":false},"author":1,"featured_media":73507,"comment_status":"closed","ping_status":"open","sticky":false,"template":"","format":"standard","meta":{"_monsterinsights_skip_tracking":false,"_monsterinsights_sitenote_active":false,"_monsterinsights_sitenote_note":"","_monsterinsights_sitenote_category":0,"jetpack_post_was_ever_published":false,"_jetpack_newsletter_access":"","_jetpack_dont_email_post_to_subs":false,"_jetpack_newsletter_tier_id":0,"_jetpack_memberships_contains_paywalled_content":false,"_jetpack_memberships_contains_paid_content":false,"footnotes":"","jetpack_publicize_message":"","jetpack_publicize_feature_enabled":true,"jetpack_social_post_already_shared":true,"jetpack_social_options":{"image_generator_settings":{"template":"highway","default_image_id":0,"font":"","enabled":false},"version":2},"_wpas_customize_per_network":false},"categories":[8],"tags":[4,16175,16313,16419,16418],"class_list":["post-108726","post","type-post","status-publish","format-standard","has-post-thumbnail","hentry","category-sociedad","tag-anses","tag-coronavirus","tag-covid-19","tag-ingreso-familiar-de-emergencia","tag-preinscripcion","generate-columns","tablet-grid-50","mobile-grid-100","grid-parent","grid-50"],"jetpack_publicize_connections":[],"jetpack_featured_media_url":"https:\/\/www.hoymercedes.com.ar\/principal\/wp-content\/uploads\/2018\/03\/15-anses-logo.jpg","wps_subtitle":"ANSES informa","jetpack_sharing_enabled":true,"_links":{"self":[{"href":"https:\/\/www.hoymercedes.com.ar\/principal\/wp-json\/wp\/v2\/posts\/108726","targetHints":{"allow":["GET"]}}],"collection":[{"href":"https:\/\/www.hoymercedes.com.ar\/principal\/wp-json\/wp\/v2\/posts"}],"about":[{"href":"https:\/\/www.hoymercedes.com.ar\/principal\/wp-json\/wp\/v2\/types\/post"}],"author":[{"embeddable":true,"href":"https:\/\/www.hoymercedes.com.ar\/principal\/wp-json\/wp\/v2\/users\/1"}],"replies":[{"embeddable":true,"href":"https:\/\/www.hoymercedes.com.ar\/principal\/wp-json\/wp\/v2\/comments?post=108726"}],"version-history":[{"count":0,"href":"https:\/\/www.hoymercedes.com.ar\/principal\/wp-json\/wp\/v2\/posts\/108726\/revisions"}],"wp:featuredmedia":[{"embeddable":true,"href":"https:\/\/www.hoymercedes.com.ar\/principal\/wp-json\/wp\/v2\/media\/73507"}],"wp:attachment":[{"href":"https:\/\/www.hoymercedes.com.ar\/principal\/wp-json\/wp\/v2\/media?parent=108726"}],"wp:term":[{"taxonomy":"category","embeddable":true,"href":"https:\/\/www.hoymercedes.com.ar\/principal\/wp-json\/wp\/v2\/categories?post=108726"},{"taxonomy":"post_tag","embeddable":true,"href":"https:\/\/www.hoymercedes.com.ar\/principal\/wp-json\/wp\/v2\/tags?post=108726"}],"curies":[{"name":"wp","href":"https:\/\/api.w.org\/{rel}","templated":true}]}}