{"id":108735,"date":"2020-03-31T16:36:11","date_gmt":"2020-03-31T19:36:11","guid":{"rendered":"http:\/\/www.hoymercedes.com.ar\/principal\/?p=108735"},"modified":"2020-03-31T18:05:14","modified_gmt":"2020-03-31T21:05:14","slug":"coronavirus-fallecio-vecino-de-san-antonio-de-areco","status":"publish","type":"post","link":"https:\/\/www.hoymercedes.com.ar\/principal\/2020\/03\/31\/coronavirus-fallecio-vecino-de-san-antonio-de-areco\/","title":{"rendered":"Coronavirus: falleci\u00f3 vecino de San Antonio de Areco"},"content":{"rendered":"\n<p>En la ma\u00f1ana del martes, el\u00a0<strong>intendente  de San Antonio de Areco,  Francisco Ratto<\/strong>,\u00a0junto a su secretario de salud Dr. Fernando Spina y parte del Departamento Ejecutivo, realizaron una conferencia de prensa para manifestar la situaci\u00f3n actual de coronavirus en dicha ciudad.<\/p>\n\n\n\n<p>Fue el propio intendente quien dijo&nbsp;<em>\u201clamentablemente un vecino de Areco falleci\u00f3 en las \u00faltimas horas. Se encontraba internado en el Hospital Zerboni con s\u00edntomas hace varios d\u00edas. Desde que ingres\u00f3 se activaron todos los protocolos\u201d.<\/em><\/p>\n\n\n\n<p>El&nbsp;<strong>Dr. Fernando Spina<\/strong>&nbsp;detall\u00f3 que se encontraba con un cuadro respiratorio cuando ingres\u00f3 al nosocomio el 21 de este mes, con criterios sospechosos.&nbsp;<em>\u201cSe hizo una primer muestra que viaj\u00f3 a La Plata, dando como resultado de influenza negativo el 27 de marzo. En la noche del lunes cerca de las 20.30 hs lleg\u00f3 el otro resultado que se mand\u00f3 a hacer (que demora sus d\u00edas) y se obtuvo el resultado positivo\u201d.<\/em><\/p>\n\n\n\n<p>As\u00ed mismo, indic\u00f3 Spina que el paciente evolucion\u00f3 r\u00e1pido en deterioro, que se hicieron los protocolos y que lamentablemente el desenlace fue el fallecimiento.<em>&nbsp;\u201cNo estuvo en contacto con nadie y \u00e9l no vino del exterior. Si viajaba por su trabajo\u201d<\/em>, expres\u00f3. Adem\u00e1s indic\u00f3 que hay un nuevo caso sospechoso con muy pocos s\u00edntomas, y que el resultado demorar\u00e1 otros 7 d\u00edas.<\/p>\n\n\n\n<p><strong><em>\u201cLa comunidad tiene que reflexionar a partir de ahora. Esto est\u00e1 ac\u00e1. Ya lleg\u00f3 y hay que ser responsables con lo que pedimos\u201d<\/em><\/strong>, cerr\u00f3 el intendente Ratto agregando que en el Hospital cuentan con 16 camas disponibles para el tratamiento y 3 camas m\u00e1s de terapia intensiva.<\/p>\n\n\n\n<p>Fuente: Bosco Producciones de San Antonio de Areco<\/p>\n","protected":false},"excerpt":{"rendered":"<p>En la ma\u00f1ana del martes, el\u00a0intendente de San Antonio de Areco, Francisco Ratto,\u00a0junto a su secretario de salud Dr. Fernando &#8230; <a title=\"Coronavirus: falleci\u00f3 vecino de San Antonio de Areco\" class=\"read-more\" href=\"https:\/\/www.hoymercedes.com.ar\/principal\/2020\/03\/31\/coronavirus-fallecio-vecino-de-san-antonio-de-areco\/\" aria-label=\"Leer m\u00e1s sobre Coronavirus: falleci\u00f3 vecino de San Antonio de Areco\">Leer m\u00e1s<\/a><\/p>\n","protected":false},"author":1,"featured_media":108736,"comment_status":"closed","ping_status":"open","sticky":false,"template":"","format":"standard","meta":{"_monsterinsights_skip_tracking":false,"_monsterinsights_sitenote_active":false,"_monsterinsights_sitenote_note":"","_monsterinsights_sitenote_category":0,"jetpack_post_was_ever_published":false,"_jetpack_newsletter_access":"","_jetpack_dont_email_post_to_subs":false,"_jetpack_newsletter_tier_id":0,"_jetpack_memberships_contains_paywalled_content":false,"_jetpack_memberships_contains_paid_content":false,"footnotes":"","jetpack_publicize_message":"","jetpack_publicize_feature_enabled":true,"jetpack_social_post_already_shared":true,"jetpack_social_options":{"image_generator_settings":{"template":"highway","default_image_id":0,"font":"","enabled":false},"version":2},"_wpas_customize_per_network":false},"categories":[5501],"tags":[16175,16313,8777,9322,2427],"class_list":["post-108735","post","type-post","status-publish","format-standard","has-post-thumbnail","hentry","category-region","tag-coronavirus","tag-covid-19","tag-fallecimiento","tag-region","tag-san-antonio-de-areco","generate-columns","tablet-grid-50","mobile-grid-100","grid-parent","grid-50"],"jetpack_publicize_connections":[],"jetpack_featured_media_url":"https:\/\/www.hoymercedes.com.ar\/principal\/wp-content\/uploads\/2020\/03\/31-areco.jpeg","wps_subtitle":"Informaci\u00f3n regional","jetpack_sharing_enabled":true,"_links":{"self":[{"href":"https:\/\/www.hoymercedes.com.ar\/principal\/wp-json\/wp\/v2\/posts\/108735","targetHints":{"allow":["GET"]}}],"collection":[{"href":"https:\/\/www.hoymercedes.com.ar\/principal\/wp-json\/wp\/v2\/posts"}],"about":[{"href":"https:\/\/www.hoymercedes.com.ar\/principal\/wp-json\/wp\/v2\/types\/post"}],"author":[{"embeddable":true,"href":"https:\/\/www.hoymercedes.com.ar\/principal\/wp-json\/wp\/v2\/users\/1"}],"replies":[{"embeddable":true,"href":"https:\/\/www.hoymercedes.com.ar\/principal\/wp-json\/wp\/v2\/comments?post=108735"}],"version-history":[{"count":0,"href":"https:\/\/www.hoymercedes.com.ar\/principal\/wp-json\/wp\/v2\/posts\/108735\/revisions"}],"wp:featuredmedia":[{"embeddable":true,"href":"https:\/\/www.hoymercedes.com.ar\/principal\/wp-json\/wp\/v2\/media\/108736"}],"wp:attachment":[{"href":"https:\/\/www.hoymercedes.com.ar\/principal\/wp-json\/wp\/v2\/media?parent=108735"}],"wp:term":[{"taxonomy":"category","embeddable":true,"href":"https:\/\/www.hoymercedes.com.ar\/principal\/wp-json\/wp\/v2\/categories?post=108735"},{"taxonomy":"post_tag","embeddable":true,"href":"https:\/\/www.hoymercedes.com.ar\/principal\/wp-json\/wp\/v2\/tags?post=108735"}],"curies":[{"name":"wp","href":"https:\/\/api.w.org\/{rel}","templated":true}]}}