{"id":108749,"date":"2020-03-31T20:48:56","date_gmt":"2020-03-31T23:48:56","guid":{"rendered":"http:\/\/www.hoymercedes.com.ar\/principal\/?p=108749"},"modified":"2020-04-01T10:31:26","modified_gmt":"2020-04-01T13:31:26","slug":"vecino-rompe-las-vallas-ingresa-por-donde-no-debe-y-queda-filmado","status":"publish","type":"post","link":"https:\/\/www.hoymercedes.com.ar\/principal\/2020\/03\/31\/vecino-rompe-las-vallas-ingresa-por-donde-no-debe-y-queda-filmado\/","title":{"rendered":"Vecino rompe las vallas ingresa por donde no debe y queda filmado"},"content":{"rendered":"\n<p>Un vecino de nuestra ciudad en su autom\u00f3vil levant\u00f3 las vallas en calle 30 y ruta provincial 41 y rompi\u00f3 una de ellas. Las c\u00e1maras de seguridad lo filmaron y deber\u00e1 rendir cuentas ante la justicia por varios asuntos. Romper el patrimonio ciudadano, violar el aislamiento y pasar por donde no debe.<\/p>\n\n\n\n<p>\u00abUna vez m\u00e1s la viveza criolla se hizo presente. Un automovilista quiso ahorrar camino y saltear las normas. Lo que no sab\u00eda era que estaba siendo filmado y qued\u00f3 todo registrado\u00bb, expresan en el parte oficial del Municipio.<\/p>\n\n\n\n<p>Es importante tener presente que violar el aislamiento social preventivo obligatorio es un delito penal y que ya hay m\u00e1s de 120 mercedinos con problemas ante la justicia por no cumplir las normas.<\/p>\n\n\n\n<p>Fuente: Prensa Municipal<\/p>\n","protected":false},"excerpt":{"rendered":"<p>Un vecino de nuestra ciudad en su autom\u00f3vil levant\u00f3 las vallas en calle 30 y ruta provincial 41 y rompi\u00f3 &#8230; <a title=\"Vecino rompe las vallas ingresa por donde no debe y queda filmado\" class=\"read-more\" href=\"https:\/\/www.hoymercedes.com.ar\/principal\/2020\/03\/31\/vecino-rompe-las-vallas-ingresa-por-donde-no-debe-y-queda-filmado\/\" aria-label=\"Leer m\u00e1s sobre Vecino rompe las vallas ingresa por donde no debe y queda filmado\">Leer m\u00e1s<\/a><\/p>\n","protected":false},"author":1,"featured_media":108750,"comment_status":"closed","ping_status":"open","sticky":false,"template":"","format":"standard","meta":{"_monsterinsights_skip_tracking":false,"_monsterinsights_sitenote_active":false,"_monsterinsights_sitenote_note":"","_monsterinsights_sitenote_category":0,"jetpack_post_was_ever_published":false,"_jetpack_newsletter_access":"","_jetpack_dont_email_post_to_subs":false,"_jetpack_newsletter_tier_id":0,"_jetpack_memberships_contains_paywalled_content":false,"_jetpack_memberships_contains_paid_content":false,"footnotes":"","jetpack_publicize_message":"","jetpack_publicize_feature_enabled":true,"jetpack_social_post_already_shared":true,"jetpack_social_options":{"image_generator_settings":{"template":"highway","default_image_id":0,"font":"","enabled":false},"version":2},"_wpas_customize_per_network":false},"categories":[85],"tags":[16353,16175,16313,10633,96],"class_list":["post-108749","post","type-post","status-publish","format-standard","has-post-thumbnail","hentry","category-policial","tag-aislamiento-social-obligatorio","tag-coronavirus","tag-covid-19","tag-informe","tag-policial-2","generate-columns","tablet-grid-50","mobile-grid-100","grid-parent","grid-50"],"jetpack_publicize_connections":[],"jetpack_featured_media_url":"https:\/\/www.hoymercedes.com.ar\/principal\/wp-content\/uploads\/2020\/03\/31-policial-valla.jpg","wps_subtitle":"Informe policial","jetpack_sharing_enabled":true,"_links":{"self":[{"href":"https:\/\/www.hoymercedes.com.ar\/principal\/wp-json\/wp\/v2\/posts\/108749","targetHints":{"allow":["GET"]}}],"collection":[{"href":"https:\/\/www.hoymercedes.com.ar\/principal\/wp-json\/wp\/v2\/posts"}],"about":[{"href":"https:\/\/www.hoymercedes.com.ar\/principal\/wp-json\/wp\/v2\/types\/post"}],"author":[{"embeddable":true,"href":"https:\/\/www.hoymercedes.com.ar\/principal\/wp-json\/wp\/v2\/users\/1"}],"replies":[{"embeddable":true,"href":"https:\/\/www.hoymercedes.com.ar\/principal\/wp-json\/wp\/v2\/comments?post=108749"}],"version-history":[{"count":0,"href":"https:\/\/www.hoymercedes.com.ar\/principal\/wp-json\/wp\/v2\/posts\/108749\/revisions"}],"wp:featuredmedia":[{"embeddable":true,"href":"https:\/\/www.hoymercedes.com.ar\/principal\/wp-json\/wp\/v2\/media\/108750"}],"wp:attachment":[{"href":"https:\/\/www.hoymercedes.com.ar\/principal\/wp-json\/wp\/v2\/media?parent=108749"}],"wp:term":[{"taxonomy":"category","embeddable":true,"href":"https:\/\/www.hoymercedes.com.ar\/principal\/wp-json\/wp\/v2\/categories?post=108749"},{"taxonomy":"post_tag","embeddable":true,"href":"https:\/\/www.hoymercedes.com.ar\/principal\/wp-json\/wp\/v2\/tags?post=108749"}],"curies":[{"name":"wp","href":"https:\/\/api.w.org\/{rel}","templated":true}]}}