{"id":108780,"date":"2020-04-01T12:29:00","date_gmt":"2020-04-01T15:29:00","guid":{"rendered":"http:\/\/www.hoymercedes.com.ar\/principal\/?p=108780"},"modified":"2020-04-01T14:47:09","modified_gmt":"2020-04-01T17:47:09","slug":"se-amplia-la-manana-diaria-de-fm-santa-maria","status":"publish","type":"post","link":"https:\/\/www.hoymercedes.com.ar\/principal\/2020\/04\/01\/se-amplia-la-manana-diaria-de-fm-santa-maria\/","title":{"rendered":"Se amplia la ma\u00f1ana diaria de FM Santa Mar\u00eda"},"content":{"rendered":"\n<p>La ma\u00f1ana de la radio FM Santa Mar\u00eda se ampl\u00eda con la inclusi\u00f3n de un nuevo programa. En la franja de 10 a 12 horas, luego de \u00abParte del Aire\u00bb de Octavio Fiorelli y Margarita Garau, se suma Fernando Pachiani con \u00abPor el Buen Camino\u00bb, programa que supo conducir los d\u00edas s\u00e1bados a la ma\u00f1ana. <\/p>\n\n\n\n<p>\u201cEsta quinta temporada en Radio Santa Mar\u00eda es muy especial. No vuelvo a hacer el programa de los s\u00e1bados pero no es una mala noticia, sino todo lo contrario. \u201cPor el buen camino\u201d ir\u00e1 como tira diaria de lunes a viernes de 10 a 12, en lo que se llama radialmente la segunda ma\u00f1ana, m\u00e1s distendida, pero sin perder de vista la actualidad.  Obvio que en este caso me ayuda \u201cParte del aire\u201d el muy buen programa que conducir\u00e1 de 7 a 10 Octavio Fiorelli y que me dejar\u00e1, sin dudas, el encendido caliente\u201d, comenta el mismo Pachiani.<\/p>\n\n\n\n<p>A la hora de definir c\u00f3mo ser\u00e1 esta nueva etapa sostiene que \u201cPor el buen camino tiene su estilo de programa fresco y espont\u00e1neo, con una m\u00fasica que a veces rompe los par\u00e1metros musicales de la radio, pero que intenta alegrar los \u00e1nimos de la gente. Y por \u00faltimo, al estar todas las ma\u00f1anas seguiremos brindando la mejor informaci\u00f3n, cubriendo lo que pasa en la ciudad y la regi\u00f3n\u201d. <\/p>\n\n\n\n<p>La puesta en el aire ser\u00e1 el pr\u00f3ximo lunes 6 de abril a partir de las 10 de la ma\u00f1ana, y dada la coyuntura que nos toca vivir a los argentinos es posible que los primeros programas los haga desde su casa, \u201cpor lo que no saldr\u00e1 al ciento por ciento como queremos, hasta que podamos estar en estudio como corresponde con todas las secciones y propuestas\u201d.<\/p>\n\n\n\n<p>Colaboraci\u00f3n: La Verdad Mercedes<\/p>\n","protected":false},"excerpt":{"rendered":"<p>La ma\u00f1ana de la radio FM Santa Mar\u00eda se ampl\u00eda con la inclusi\u00f3n de un nuevo programa. En la franja &#8230; <a title=\"Se amplia la ma\u00f1ana diaria de FM Santa Mar\u00eda\" class=\"read-more\" href=\"https:\/\/www.hoymercedes.com.ar\/principal\/2020\/04\/01\/se-amplia-la-manana-diaria-de-fm-santa-maria\/\" aria-label=\"Leer m\u00e1s sobre Se amplia la ma\u00f1ana diaria de FM Santa Mar\u00eda\">Leer m\u00e1s<\/a><\/p>\n","protected":false},"author":1,"featured_media":108781,"comment_status":"closed","ping_status":"open","sticky":false,"template":"","format":"standard","meta":{"_monsterinsights_skip_tracking":false,"_monsterinsights_sitenote_active":false,"_monsterinsights_sitenote_note":"","_monsterinsights_sitenote_category":0,"jetpack_post_was_ever_published":false,"_jetpack_newsletter_access":"","_jetpack_dont_email_post_to_subs":false,"_jetpack_newsletter_tier_id":0,"_jetpack_memberships_contains_paywalled_content":false,"_jetpack_memberships_contains_paid_content":false,"footnotes":"","jetpack_publicize_message":"","jetpack_publicize_feature_enabled":true,"jetpack_social_post_already_shared":true,"jetpack_social_options":{"image_generator_settings":{"template":"highway","default_image_id":0,"font":"","enabled":false},"version":2},"_wpas_customize_per_network":false},"categories":[104],"tags":[7805,15411,9219],"class_list":["post-108780","post","type-post","status-publish","format-standard","has-post-thumbnail","hentry","category-cultura","tag-cultura","tag-fm-santa-maria","tag-radio","generate-columns","tablet-grid-50","mobile-grid-100","grid-parent","grid-50"],"jetpack_publicize_connections":[],"jetpack_featured_media_url":"https:\/\/www.hoymercedes.com.ar\/principal\/wp-content\/uploads\/2020\/04\/01-OCTI-PACHA-MARGA.jpg","wps_subtitle":"Medios de la ciudad","jetpack_sharing_enabled":true,"_links":{"self":[{"href":"https:\/\/www.hoymercedes.com.ar\/principal\/wp-json\/wp\/v2\/posts\/108780","targetHints":{"allow":["GET"]}}],"collection":[{"href":"https:\/\/www.hoymercedes.com.ar\/principal\/wp-json\/wp\/v2\/posts"}],"about":[{"href":"https:\/\/www.hoymercedes.com.ar\/principal\/wp-json\/wp\/v2\/types\/post"}],"author":[{"embeddable":true,"href":"https:\/\/www.hoymercedes.com.ar\/principal\/wp-json\/wp\/v2\/users\/1"}],"replies":[{"embeddable":true,"href":"https:\/\/www.hoymercedes.com.ar\/principal\/wp-json\/wp\/v2\/comments?post=108780"}],"version-history":[{"count":0,"href":"https:\/\/www.hoymercedes.com.ar\/principal\/wp-json\/wp\/v2\/posts\/108780\/revisions"}],"wp:featuredmedia":[{"embeddable":true,"href":"https:\/\/www.hoymercedes.com.ar\/principal\/wp-json\/wp\/v2\/media\/108781"}],"wp:attachment":[{"href":"https:\/\/www.hoymercedes.com.ar\/principal\/wp-json\/wp\/v2\/media?parent=108780"}],"wp:term":[{"taxonomy":"category","embeddable":true,"href":"https:\/\/www.hoymercedes.com.ar\/principal\/wp-json\/wp\/v2\/categories?post=108780"},{"taxonomy":"post_tag","embeddable":true,"href":"https:\/\/www.hoymercedes.com.ar\/principal\/wp-json\/wp\/v2\/tags?post=108780"}],"curies":[{"name":"wp","href":"https:\/\/api.w.org\/{rel}","templated":true}]}}