{"id":108797,"date":"2020-04-02T07:46:00","date_gmt":"2020-04-02T10:46:00","guid":{"rendered":"http:\/\/www.hoymercedes.com.ar\/principal\/?p=108797"},"modified":"2020-04-01T22:32:21","modified_gmt":"2020-04-02T01:32:21","slug":"prorroga-del-ahora-12-e-incorporacion-de-nuevos-rubros","status":"publish","type":"post","link":"https:\/\/www.hoymercedes.com.ar\/principal\/2020\/04\/02\/prorroga-del-ahora-12-e-incorporacion-de-nuevos-rubros\/","title":{"rendered":"Pr\u00f3rroga del Ahora 12 e incorporaci\u00f3n de nuevos rubros"},"content":{"rendered":"\n<p> La Secretar\u00eda de Comercio Interior, a trav\u00e9s de la\u00a0<a rel=\"noreferrer noopener\" target=\"_blank\" href=\"http:\/\/km2.bariloche.cc\/lt.php?c=21059&amp;m=12901&amp;nl=1127&amp;s=87178a32470259a83e89250ecea5e162&amp;lid=95905&amp;l=-https--www.boletinoficial.gob.ar\/detalleAviso\/primera\/227341\/20200401\">Resoluci\u00f3n 104\/2020<\/a>\u00a0publicada en el Bolet\u00edn Oficial, extendi\u00f3 el Programa Ahora 12 hasta el 30 de junio y dispuso la incorporaci\u00f3n de nuevos rubros que son considerados esenciales en la actual emergencia sanitaria por la pandemia de coronavirus. Asimismo, se decidi\u00f3 impulsar las compras de productos online en cuotas fijas, a ra\u00edz de las actuales medidas de aislamiento social preventivo y obligatorio.<\/p>\n\n\n\n<p>Entre los rubros incorporados se encuentran medicamentos, alimentos, bebidas y productos de higiene personal y limpieza, que podr\u00e1n adquirirse sin intereses en 3 y 6 cuotas.<\/p>\n\n\n\n<p>El equipamiento m\u00e9dico producido por Pymes nacionales, y que abarca electrocardi\u00f3grafos, desfibriladores, monitores para distintas se\u00f1ales fisiol\u00f3gicas, balanzas de grado m\u00e9dico, instrumental, elementos de esterilizaci\u00f3n y m\u00e1quinas, podr\u00e1 adquirirse sin intereses en 12 y 18 cuotas.<\/p>\n\n\n\n<p>Seg\u00fan la nueva normativa, los proveedores y comercios en las operaciones realizadas a trav\u00e9s de tarjetas de cr\u00e9dito emitidas por entidades financieras podr\u00e1n elegir:Cobrar en un plazo de 60 d\u00edas corridos con una tasa m\u00e1xima de descuento del 7 % directa o en un plazo de hasta 10 d\u00edas h\u00e1biles con una tasa m\u00e1xima de descuento del 9,15 % directa, para las ventas realizadas con la modalidad 12 cuotas.<\/p>\n\n\n\n<p>Cobrar en un plazo de 60 d\u00edas corridos con una tasa m\u00e1xima de descuento del 11,18 % directa o en un plazo de hasta 10 d\u00edas h\u00e1biles con una tasa m\u00e1xima de descuento del 13,26 % directa, para las ventas realizadas con la modalidad 18 cuotas.Cabe destacar que los comercios pueden adherirse a trav\u00e9s de la web\u00a0<a rel=\"noreferrer noopener\" target=\"_blank\" href=\"http:\/\/km2.bariloche.cc\/lt.php?c=21059&amp;m=12901&amp;nl=1127&amp;s=87178a32470259a83e89250ecea5e162&amp;lid=95906&amp;l=-http--www.argentina.gob.ar\/ahora-12\">www.argentina.gob.ar\/ahora-12<\/a>\u00a0y dependiendo el rubro al que pertenecen, estar\u00e1n dentro de Ahora 3, 6, 12 y 18 cuotas.<\/p>\n\n\n\n<p>Para acceder a la Resoluci\u00f3n 104\/2020,&nbsp;<a rel=\"noreferrer noopener\" target=\"_blank\" href=\"http:\/\/km2.bariloche.cc\/lt.php?c=21059&amp;m=12901&amp;nl=1127&amp;s=87178a32470259a83e89250ecea5e162&amp;lid=95905&amp;l=-https--www.boletinoficial.gob.ar\/detalleAviso\/primera\/227341\/20200401\">clic aqu\u00ed<\/a>.<br><\/p>\n\n\n\n<figure class=\"wp-block-table\"><table class=\"\"><tbody><tr><td> <\/td><\/tr><\/tbody><\/table><\/figure>\n","protected":false},"excerpt":{"rendered":"<p>La Secretar\u00eda de Comercio Interior, a trav\u00e9s de la\u00a0Resoluci\u00f3n 104\/2020\u00a0publicada en el Bolet\u00edn Oficial, extendi\u00f3 el Programa Ahora 12 hasta &#8230; <a title=\"Pr\u00f3rroga del Ahora 12 e incorporaci\u00f3n de nuevos rubros\" class=\"read-more\" href=\"https:\/\/www.hoymercedes.com.ar\/principal\/2020\/04\/02\/prorroga-del-ahora-12-e-incorporacion-de-nuevos-rubros\/\" aria-label=\"Leer m\u00e1s sobre Pr\u00f3rroga del Ahora 12 e incorporaci\u00f3n de nuevos rubros\">Leer m\u00e1s<\/a><\/p>\n","protected":false},"author":1,"featured_media":108799,"comment_status":"closed","ping_status":"open","sticky":false,"template":"","format":"standard","meta":{"_monsterinsights_skip_tracking":false,"_monsterinsights_sitenote_active":false,"_monsterinsights_sitenote_note":"","_monsterinsights_sitenote_category":0,"jetpack_post_was_ever_published":false,"_jetpack_newsletter_access":"","_jetpack_dont_email_post_to_subs":false,"_jetpack_newsletter_tier_id":0,"_jetpack_memberships_contains_paywalled_content":false,"_jetpack_memberships_contains_paid_content":false,"footnotes":"","jetpack_publicize_message":"","jetpack_publicize_feature_enabled":true,"jetpack_social_post_already_shared":true,"jetpack_social_options":{"image_generator_settings":{"template":"highway","default_image_id":0,"font":"","enabled":false},"version":2},"_wpas_customize_per_network":false},"categories":[11],"tags":[12846,8786,10113],"class_list":["post-108797","post","type-post","status-publish","format-standard","has-post-thumbnail","hentry","category-ciudad","tag-ahora-12","tag-economia","tag-politica-nacional","generate-columns","tablet-grid-50","mobile-grid-100","grid-parent","grid-50"],"jetpack_publicize_connections":[],"jetpack_featured_media_url":"https:\/\/www.hoymercedes.com.ar\/principal\/wp-content\/uploads\/2020\/04\/02-ahora-12.jpg","wps_subtitle":"Econom\u00eda nacional","jetpack_sharing_enabled":true,"_links":{"self":[{"href":"https:\/\/www.hoymercedes.com.ar\/principal\/wp-json\/wp\/v2\/posts\/108797","targetHints":{"allow":["GET"]}}],"collection":[{"href":"https:\/\/www.hoymercedes.com.ar\/principal\/wp-json\/wp\/v2\/posts"}],"about":[{"href":"https:\/\/www.hoymercedes.com.ar\/principal\/wp-json\/wp\/v2\/types\/post"}],"author":[{"embeddable":true,"href":"https:\/\/www.hoymercedes.com.ar\/principal\/wp-json\/wp\/v2\/users\/1"}],"replies":[{"embeddable":true,"href":"https:\/\/www.hoymercedes.com.ar\/principal\/wp-json\/wp\/v2\/comments?post=108797"}],"version-history":[{"count":0,"href":"https:\/\/www.hoymercedes.com.ar\/principal\/wp-json\/wp\/v2\/posts\/108797\/revisions"}],"wp:featuredmedia":[{"embeddable":true,"href":"https:\/\/www.hoymercedes.com.ar\/principal\/wp-json\/wp\/v2\/media\/108799"}],"wp:attachment":[{"href":"https:\/\/www.hoymercedes.com.ar\/principal\/wp-json\/wp\/v2\/media?parent=108797"}],"wp:term":[{"taxonomy":"category","embeddable":true,"href":"https:\/\/www.hoymercedes.com.ar\/principal\/wp-json\/wp\/v2\/categories?post=108797"},{"taxonomy":"post_tag","embeddable":true,"href":"https:\/\/www.hoymercedes.com.ar\/principal\/wp-json\/wp\/v2\/tags?post=108797"}],"curies":[{"name":"wp","href":"https:\/\/api.w.org\/{rel}","templated":true}]}}