{"id":108805,"date":"2020-04-01T20:41:34","date_gmt":"2020-04-01T23:41:34","guid":{"rendered":"http:\/\/www.hoymercedes.com.ar\/principal\/?p=108805"},"modified":"2020-04-01T22:33:54","modified_gmt":"2020-04-02T01:33:54","slug":"el-jueves-2-y-viernes-3-de-abril-entregaran-tarjetas-alimentar","status":"publish","type":"post","link":"https:\/\/www.hoymercedes.com.ar\/principal\/2020\/04\/01\/el-jueves-2-y-viernes-3-de-abril-entregaran-tarjetas-alimentar\/","title":{"rendered":"El jueves 2 y viernes 3 de abril entregar\u00e1n tarjetas AlimentAR"},"content":{"rendered":"\n<p>La Municipalidad de Mercedes anunci\u00f3 en las primeras noches del mi\u00e9rcoles que los d\u00edas jueves 2 y viernes 3 de abril entregar\u00e1n las tarjetas AlimentAR en distintos puntos de la ciudad al que tendr\u00e1 que el ir solo el beneficiario titular de acuerdo a la letra inicial de su apellido con su DNI. <\/p>\n\n\n\n<p>La Secretaria de Desarrollo Social del Municipio, Jorgelina Silva, confirm\u00f3 que se aceler\u00f3 el proceso de entrega de las Tarjetas AlimentAR. \u00abEs una necesidad en todo el pa\u00eds y ahora en Mercedes podremos iniciar la entrega este jueves y viernes\u201d expres\u00f3 la funcionaria. <\/p>\n\n\n\n<p>\u00abHay que tener presente que s\u00f3lo deben venir los beneficiarios. Una \u00fanica persona. Mantener las distancias y tomar las medidas socio sanitarias correspondientes.. Tendremos asistencia y acompa\u00f1amiento. La divisi\u00f3n en sedes es justamente para evitar el aglutinamiento, dentro de lo posible, de beneficiarios\u201d, agreg\u00f3. <\/p>\n\n\n\n<p>Es as\u00ed que solo los titulares con su DNI deber\u00e1n asistir a la sede que le corresponde de acuerdo a su apellido. Entre las 9 y las 14 horas, podr\u00e1n hacerse presente. <\/p>\n\n\n\n<p>El cronograma es el siguiente: <\/p>\n\n\n\n<p>Horario: 9 a 14<br>D\u00edas: Jueves 2 de abril y viernes 3 de abril<br>Requisito: Asistir con DNI, Titulares solamente<br>Organizaci\u00f3n:  Las sedes est\u00e1n distribuidas por orden alfab\u00e9tico<\/p>\n\n\n\n<p><strong>Sede 1<\/strong><br> TEATRO ARGENTINO calle 27 entre 24 y 26<br> Titulares cuyo apellido empieza con letras A y B<\/p>\n\n\n\n<p><strong>Sede 2<\/strong><br> CENTRO INTEGRADOR COMUNITARIO Calle 10 y 65<br> Titulares cuyo apellido empieza con letras C, D y E<\/p>\n\n\n\n<p><strong>Sede 3<\/strong><br> LUZ Y FUERZA calle 28 entre 27 y 29<br> Titulares cuyo apellido empieza con letras F, G, H, I, J, y K<\/p>\n\n\n\n<p><strong>Sede 4<\/strong><br> CENTRO DE REFERENCIA calle 2 y 11 <br> Titulares cuyo apellido empieza con letras L y M<\/p>\n\n\n\n<p><strong>Sede 5<\/strong><br> ANSES Calle 29 y 34<br> Titulares cuyo apellido empieza con letras N, O, P, Q, y R <\/p>\n\n\n\n<p><strong>Sede 6<\/strong><br>C.C. LA TROCHA 40 y 21 <br> Titulares cuyo apellido empieza con letras S, T, U, V, W, X, Y y Z<\/p>\n\n\n\n<p>Para zona rural, los beneficiarios deber\u00e1n presentarse en la Sede de la Sociedad de Fomento de Gowland a partir de la hora 9. <\/p>\n\n\n\n<figure class=\"wp-block-image size-large\"><img loading=\"lazy\" decoding=\"async\" width=\"842\" height=\"595\" data-attachment-id=\"108806\" data-permalink=\"https:\/\/www.hoymercedes.com.ar\/principal\/2020\/04\/01\/el-jueves-2-y-viernes-3-de-abril-entregaran-tarjetas-alimentar\/01-cronograma-alimentar\/#main\" data-orig-file=\"https:\/\/www.hoymercedes.com.ar\/principal\/wp-content\/uploads\/2020\/04\/01-cronograma-alimentar.jpg\" data-orig-size=\"842,595\" data-comments-opened=\"0\" data-image-meta=\"{&quot;aperture&quot;:&quot;0&quot;,&quot;credit&quot;:&quot;&quot;,&quot;camera&quot;:&quot;&quot;,&quot;caption&quot;:&quot;&quot;,&quot;created_timestamp&quot;:&quot;0&quot;,&quot;copyright&quot;:&quot;&quot;,&quot;focal_length&quot;:&quot;0&quot;,&quot;iso&quot;:&quot;0&quot;,&quot;shutter_speed&quot;:&quot;0&quot;,&quot;title&quot;:&quot;&quot;,&quot;orientation&quot;:&quot;0&quot;}\" data-image-title=\"01-cronograma-alimentar\" data-image-description=\"\" data-image-caption=\"\" data-large-file=\"https:\/\/www.hoymercedes.com.ar\/principal\/wp-content\/uploads\/2020\/04\/01-cronograma-alimentar.jpg\" src=\"https:\/\/www.hoymercedes.com.ar\/principal\/wp-content\/uploads\/2020\/04\/01-cronograma-alimentar.jpg\" alt=\"\" class=\"wp-image-108806\"\/><\/figure>\n","protected":false},"excerpt":{"rendered":"<p>La Municipalidad de Mercedes anunci\u00f3 en las primeras noches del mi\u00e9rcoles que los d\u00edas jueves 2 y viernes 3 de &#8230; <a title=\"El jueves 2 y viernes 3 de abril entregar\u00e1n tarjetas AlimentAR\" class=\"read-more\" href=\"https:\/\/www.hoymercedes.com.ar\/principal\/2020\/04\/01\/el-jueves-2-y-viernes-3-de-abril-entregaran-tarjetas-alimentar\/\" aria-label=\"Leer m\u00e1s sobre El jueves 2 y viernes 3 de abril entregar\u00e1n tarjetas AlimentAR\">Leer m\u00e1s<\/a><\/p>\n","protected":false},"author":1,"featured_media":107003,"comment_status":"closed","ping_status":"open","sticky":false,"template":"","format":"standard","meta":{"_monsterinsights_skip_tracking":false,"_monsterinsights_sitenote_active":false,"_monsterinsights_sitenote_note":"","_monsterinsights_sitenote_category":0,"jetpack_post_was_ever_published":false,"_jetpack_newsletter_access":"","_jetpack_dont_email_post_to_subs":false,"_jetpack_newsletter_tier_id":0,"_jetpack_memberships_contains_paywalled_content":false,"_jetpack_memberships_contains_paid_content":false,"footnotes":"","jetpack_publicize_message":"","jetpack_publicize_feature_enabled":true,"jetpack_social_post_already_shared":true,"jetpack_social_options":{"image_generator_settings":{"template":"highway","default_image_id":0,"font":"","enabled":false},"version":2},"_wpas_customize_per_network":false},"categories":[30],"tags":[870,15315,244,16196],"class_list":["post-108805","post","type-post","status-publish","format-standard","has-post-thumbnail","hentry","category-municipio","tag-desarrollo-social","tag-entrega","tag-municipio-2","tag-tarjeta-alimentar","generate-columns","tablet-grid-50","mobile-grid-100","grid-parent","grid-50"],"jetpack_publicize_connections":[],"jetpack_featured_media_url":"https:\/\/www.hoymercedes.com.ar\/principal\/wp-content\/uploads\/2020\/03\/05-tarjeta-alimentar.jpg","wps_subtitle":"En dos d\u00edas","jetpack_sharing_enabled":true,"_links":{"self":[{"href":"https:\/\/www.hoymercedes.com.ar\/principal\/wp-json\/wp\/v2\/posts\/108805","targetHints":{"allow":["GET"]}}],"collection":[{"href":"https:\/\/www.hoymercedes.com.ar\/principal\/wp-json\/wp\/v2\/posts"}],"about":[{"href":"https:\/\/www.hoymercedes.com.ar\/principal\/wp-json\/wp\/v2\/types\/post"}],"author":[{"embeddable":true,"href":"https:\/\/www.hoymercedes.com.ar\/principal\/wp-json\/wp\/v2\/users\/1"}],"replies":[{"embeddable":true,"href":"https:\/\/www.hoymercedes.com.ar\/principal\/wp-json\/wp\/v2\/comments?post=108805"}],"version-history":[{"count":0,"href":"https:\/\/www.hoymercedes.com.ar\/principal\/wp-json\/wp\/v2\/posts\/108805\/revisions"}],"wp:featuredmedia":[{"embeddable":true,"href":"https:\/\/www.hoymercedes.com.ar\/principal\/wp-json\/wp\/v2\/media\/107003"}],"wp:attachment":[{"href":"https:\/\/www.hoymercedes.com.ar\/principal\/wp-json\/wp\/v2\/media?parent=108805"}],"wp:term":[{"taxonomy":"category","embeddable":true,"href":"https:\/\/www.hoymercedes.com.ar\/principal\/wp-json\/wp\/v2\/categories?post=108805"},{"taxonomy":"post_tag","embeddable":true,"href":"https:\/\/www.hoymercedes.com.ar\/principal\/wp-json\/wp\/v2\/tags?post=108805"}],"curies":[{"name":"wp","href":"https:\/\/api.w.org\/{rel}","templated":true}]}}