{"id":108842,"date":"2020-04-02T09:23:00","date_gmt":"2020-04-02T12:23:00","guid":{"rendered":"http:\/\/www.hoymercedes.com.ar\/principal\/?p=108842"},"modified":"2020-04-02T00:53:06","modified_gmt":"2020-04-02T03:53:06","slug":"comedores-escolares-reciben-alimentos-para-entregar-viandas-a-los-alumnos","status":"publish","type":"post","link":"https:\/\/www.hoymercedes.com.ar\/principal\/2020\/04\/02\/comedores-escolares-reciben-alimentos-para-entregar-viandas-a-los-alumnos\/","title":{"rendered":"Comedores escolares reciben alimentos para entregar viandas a los alumnos"},"content":{"rendered":"\n<p>El Consejo Escolar y la Municipalidad de Mercedes articulan trabajo para entregar a los comedores escolares las viandas necesarias para la comunidad educativa de cada instituci\u00f3n. Esto permite que las familias de los chicos que almuerzan en las escuelas, reciban su raci\u00f3n diaria m\u00e1s all\u00e1 de la suspensi\u00f3n de clases provista por el aislamiento social preventivo obligatorio.  <\/p>\n\n\n\n<p>El presidente del Consejo Escolar, Jos\u00e9 Luis Pisano explic\u00f3 que \u201cla cuarentena modific\u00f3 toda la l\u00f3gica de trabajo. Principalmente con todo lo que tiene que ver con la comida que es lo que m\u00e1s preocupa. El Consejo junto al Municipio de Mercedes, estamos distribuyendo bolsas de comida para las escuelas\u201d. <\/p>\n\n\n\n<p>\u00abEn el marco de la suspensi\u00f3n de clases la Direcci\u00f3n de Escuelas dispuso, por un lado, darle continuidad a la entrega de comida para aquellos alumnos de jard\u00edn, primaria y secundaria que concurran a los comedores escolares y as\u00ed puedan seguir recibiendo su almuerzo diariamente. Como as\u00ed tambi\u00e9n, se compraron bolsones equivalentes a diez d\u00edas de comedor escolar por chico para que no tengan que concurrir y puedan quedarse en sus casas\u201d,agreg\u00f3 Pisano.<\/p>\n\n\n\n<p>Debido a la cuarentena muchos vecinos de nuestra ciudad que trabajan y viven al d\u00eda, debieron parar lo que les significa una merma importante en los ingresos semanales \u201cpor ese motivo nosotros pasamos de 1600 pedidos a 4000, algo que le planteamos al Gobierno Provincial y que desde ya nos dijeron que cont\u00e1ramos con esa cantidad para poder contener a las familias mercedinas\u201d.<\/p>\n\n\n\n<p>\u201cEste trabajo la hacemos de manera articulada con el Municipio de Mercedes a trav\u00e9s de sus diferentes \u00e1reas, funcionarios, es decir toda la estructura comunal que puso a disposici\u00f3n el intendente Ustarroz\u201d subray\u00f3 Jos\u00e9 Pisano.  <\/p>\n\n\n\n<p>En cuanto a la situaci\u00f3n y las medidas que se han tomado en nuestro pa\u00eds, Jos\u00e9 Pisano apunt\u00f3 \u201cnosotros estamos contenidos, se han tomado muy buenas medidas y a tiempo, y porque el 90 por ciento de la sociedad est\u00e1 respetando todas las normas que se fueron dando para poder convivir con esta situaci\u00f3n\u201d.<\/p>\n\n\n\n<p>Fuente: Prensa Municipal<\/p>\n","protected":false},"excerpt":{"rendered":"<p>El Consejo Escolar y la Municipalidad de Mercedes articulan trabajo para entregar a los comedores escolares las viandas necesarias para &#8230; <a title=\"Comedores escolares reciben alimentos para entregar viandas a los alumnos\" class=\"read-more\" href=\"https:\/\/www.hoymercedes.com.ar\/principal\/2020\/04\/02\/comedores-escolares-reciben-alimentos-para-entregar-viandas-a-los-alumnos\/\" aria-label=\"Leer m\u00e1s sobre Comedores escolares reciben alimentos para entregar viandas a los alumnos\">Leer m\u00e1s<\/a><\/p>\n","protected":false},"author":1,"featured_media":108845,"comment_status":"closed","ping_status":"open","sticky":false,"template":"","format":"standard","meta":{"_monsterinsights_skip_tracking":false,"_monsterinsights_sitenote_active":false,"_monsterinsights_sitenote_note":"","_monsterinsights_sitenote_category":0,"jetpack_post_was_ever_published":false,"_jetpack_newsletter_access":"","_jetpack_dont_email_post_to_subs":false,"_jetpack_newsletter_tier_id":0,"_jetpack_memberships_contains_paywalled_content":false,"_jetpack_memberships_contains_paid_content":false,"footnotes":"","jetpack_publicize_message":"","jetpack_publicize_feature_enabled":true,"jetpack_social_post_already_shared":true,"jetpack_social_options":{"image_generator_settings":{"template":"highway","default_image_id":0,"font":"","enabled":false},"version":2},"_wpas_customize_per_network":false},"categories":[30],"tags":[],"class_list":["post-108842","post","type-post","status-publish","format-standard","has-post-thumbnail","hentry","category-municipio","generate-columns","tablet-grid-50","mobile-grid-100","grid-parent","grid-50"],"jetpack_publicize_connections":[],"jetpack_featured_media_url":"https:\/\/www.hoymercedes.com.ar\/principal\/wp-content\/uploads\/2020\/04\/02-consejo-escolar.jpg","wps_subtitle":"","jetpack_sharing_enabled":true,"_links":{"self":[{"href":"https:\/\/www.hoymercedes.com.ar\/principal\/wp-json\/wp\/v2\/posts\/108842","targetHints":{"allow":["GET"]}}],"collection":[{"href":"https:\/\/www.hoymercedes.com.ar\/principal\/wp-json\/wp\/v2\/posts"}],"about":[{"href":"https:\/\/www.hoymercedes.com.ar\/principal\/wp-json\/wp\/v2\/types\/post"}],"author":[{"embeddable":true,"href":"https:\/\/www.hoymercedes.com.ar\/principal\/wp-json\/wp\/v2\/users\/1"}],"replies":[{"embeddable":true,"href":"https:\/\/www.hoymercedes.com.ar\/principal\/wp-json\/wp\/v2\/comments?post=108842"}],"version-history":[{"count":0,"href":"https:\/\/www.hoymercedes.com.ar\/principal\/wp-json\/wp\/v2\/posts\/108842\/revisions"}],"wp:featuredmedia":[{"embeddable":true,"href":"https:\/\/www.hoymercedes.com.ar\/principal\/wp-json\/wp\/v2\/media\/108845"}],"wp:attachment":[{"href":"https:\/\/www.hoymercedes.com.ar\/principal\/wp-json\/wp\/v2\/media?parent=108842"}],"wp:term":[{"taxonomy":"category","embeddable":true,"href":"https:\/\/www.hoymercedes.com.ar\/principal\/wp-json\/wp\/v2\/categories?post=108842"},{"taxonomy":"post_tag","embeddable":true,"href":"https:\/\/www.hoymercedes.com.ar\/principal\/wp-json\/wp\/v2\/tags?post=108842"}],"curies":[{"name":"wp","href":"https:\/\/api.w.org\/{rel}","templated":true}]}}