{"id":108852,"date":"2020-04-02T16:06:18","date_gmt":"2020-04-02T19:06:18","guid":{"rendered":"http:\/\/www.hoymercedes.com.ar\/principal\/?p=108852"},"modified":"2020-04-02T18:37:28","modified_gmt":"2020-04-02T21:37:28","slug":"control-precios-maximos-clausuran-supermercado-por-la-suba-de-precios","status":"publish","type":"post","link":"https:\/\/www.hoymercedes.com.ar\/principal\/2020\/04\/02\/control-precios-maximos-clausuran-supermercado-por-la-suba-de-precios\/","title":{"rendered":"Control Precios M\u00e1ximos: Clausuran supermercado por la suba de precios"},"content":{"rendered":"\n<p>Al Administraci\u00f3n Federal de Ingresos P\u00fablicos contin\u00faa realizado operativos de control de respeto a los precios m\u00e1ximos establecidos y stock en el marco de la emergencia socio sanitaria surgida con la aparici\u00f3n del Coronavirus. Cuentan los operativos con el apoyo del OMIC y el Juzgado de Faltas. Ustarroz, aprovech\u00f3 para \u201cagradecer el trabajo y el profesionalismo de la AFIP que junto al municipio recorre los diferentes comercios de la ciudad constatando que no se produzcan incrementos desmedidos\u201d y agreg\u00f3 \u201cde esta manera logramos defender y cuidar el bolsillo de los mercedinos\u201d.<\/p>\n\n\n\n<figure class=\"wp-block-image size-large\"><img loading=\"lazy\" decoding=\"async\" width=\"800\" height=\"534\" data-attachment-id=\"108853\" data-permalink=\"https:\/\/www.hoymercedes.com.ar\/principal\/2020\/04\/02\/control-precios-maximos-clausuran-supermercado-por-la-suba-de-precios\/02-super-clausura\/#main\" data-orig-file=\"https:\/\/www.hoymercedes.com.ar\/principal\/wp-content\/uploads\/2020\/04\/02-super-clausura.jpg\" data-orig-size=\"800,534\" data-comments-opened=\"0\" data-image-meta=\"{&quot;aperture&quot;:&quot;0&quot;,&quot;credit&quot;:&quot;&quot;,&quot;camera&quot;:&quot;&quot;,&quot;caption&quot;:&quot;&quot;,&quot;created_timestamp&quot;:&quot;0&quot;,&quot;copyright&quot;:&quot;&quot;,&quot;focal_length&quot;:&quot;0&quot;,&quot;iso&quot;:&quot;0&quot;,&quot;shutter_speed&quot;:&quot;0&quot;,&quot;title&quot;:&quot;&quot;,&quot;orientation&quot;:&quot;0&quot;}\" data-image-title=\"02 super clausura\" data-image-description=\"\" data-image-caption=\"\" data-large-file=\"https:\/\/www.hoymercedes.com.ar\/principal\/wp-content\/uploads\/2020\/04\/02-super-clausura.jpg\" src=\"https:\/\/www.hoymercedes.com.ar\/principal\/wp-content\/uploads\/2020\/04\/02-super-clausura.jpg\" alt=\"\" class=\"wp-image-108853\"\/><\/figure>\n\n\n\n<p>Los operativos de control de precios y stock contin\u00faan con el objetivo de fiscalizar precios y que no se produzca desabastecimiento en la ciudad. Estos controles son llevados adelante por AFIP y el OMIC. En esta oportunidad fueron el intendente Juan Ignacio Ustarroz, el titular de la OMIC Mart\u00edn Boragno, el Juez de Faltas Mat\u00edas Maresca, el Abogado Javier Guevara, el personal del AFIP y el presidente del Concejo Deliberante, Matias Dematei. <\/p>\n\n\n\n<p>Los operativos de control de\nprecios y stock contin\u00faan en comercios mercedinos con el objetivo de fiscalizar\nlos valores de los productos y que no se produzca desabastecimiento en la\nciudad. <\/p>\n\n\n\n<p>Estos controles son llevados\nadelante por AFIP y el OMIC. En esta ocasi\u00f3n concluy\u00f3 con la clausura\npreventiva del supermercado ubicado en calle 45 y Av. 2. Es importante aclarar\nque la clausura preventiva es hasta tanto retrotraigan los precios al 6 de\nmarzo y eso podr\u00eda suceder incluso en el mismo d\u00eda. Habr\u00e1 por supuesto m\u00e1s\ncontroles sorpresas. <\/p>\n\n\n\n<p>Fueron parte de la recorrida el\nequipo de trabajo de la AFIP quienes recibieron el apoyo del intendente Juan\nIgnacio Ustarroz, el titular de la OMIC Mart\u00edn Boragno, el juez de faltas\nMat\u00edas Maresca, el Dr. Javier Guevara y personal del AFIP. Estuvo presente\ntambi\u00e9n el presidente del concejo deliberante, Matias Dematei y el concejal\nMart\u00edn Andr\u00e9s. <\/p>\n\n\n\n<p>El intendente Ustarroz presente\nen el lugar expres\u00f3 \u201cquiero agradecer el trabajo y el profesionalismo de la\nAFIP que junto al municipio recorre los diferentes comercios de la ciudad\nconstatando que no se produzcan incrementos desmedidos\u201d y agreg\u00f3 \u201cde esta\nmanera logramos defender y cuidar el bolsillo de los mercedinos\u201d.<\/p>\n\n\n\n<p>\u201cA este supermercado ya hab\u00eda\nvenido el equipo de la AFIP acompa\u00f1ado por nuestros trabajadores en otra\noportunidad y se les hab\u00eda advertido y explicado cu\u00e1l era el sentido y el\nalcance del programa precios m\u00e1ximos\u201d apunt\u00f3 el intendente Ustarroz y se\u00f1al\u00f3\n\u201cretomaron y vimos una suba excesiva de los precios lo que conllev\u00f3 a esta\nmedida dr\u00e1stica, la cual esperamos sea ejemplificadora\u201d.<\/p>\n\n\n\n<p>Los operativos de control de precios y stock contin\u00faan con el objetivo de fiscalizar precios y que no se produzca desabastecimiento en la ciudad. Estos controles son llevados adelante por AFIP y el OMIC. En esta oportunidad fueron el intendente Juan Ignacio Ustarroz, el titular de la OMIC Mart\u00edn Boragno, el Juez de Faltas Mat\u00edas Maresca, el Abogado Javier Guevara, el personal del AFIP y el presidente del Concejo Deliberante, Matias Dematei. <\/p>\n\n\n\n<p>\u201cA este supermercado ya hab\u00edamos venido en otra oportunidad y se les hab\u00eda advertido y explicado cu\u00e1l era el sentido y el alcance del programa precios m\u00e1ximos. Retornamos y vimos una suba excesiva de los precios lo que conllev\u00f3 a esta medida dr\u00e1stica, la cual esperamos sea ejemplificadora\u201d, explic\u00f3 el Jefe Comunal.<\/p>\n\n\n\n<p>Por su parte, el Juez de Faltas Mat\u00edas Maresca explic\u00f3 que se procedi\u00f3 a la clausura del supermercado ubicado en calles 45 y Av. 2 \u00abdebido a que hemos detectado incrementos sustanciales en productos de consumo masivo\u201d. A lo que Guevara agreg\u00f3 los controles  \u00abno solamente alcanza a los supermercados, sino que adem\u00e1s incluye a los distribuidores mayoristas que son parte importante de la cadena de precios\u201d. <\/p>\n\n\n\n<figure class=\"wp-block-image size-large\"><img loading=\"lazy\" decoding=\"async\" width=\"800\" height=\"534\" data-attachment-id=\"108854\" data-permalink=\"https:\/\/www.hoymercedes.com.ar\/principal\/2020\/04\/02\/control-precios-maximos-clausuran-supermercado-por-la-suba-de-precios\/02-super-clausura1\/#main\" data-orig-file=\"https:\/\/www.hoymercedes.com.ar\/principal\/wp-content\/uploads\/2020\/04\/02-super-clausura1.jpg\" data-orig-size=\"800,534\" data-comments-opened=\"0\" data-image-meta=\"{&quot;aperture&quot;:&quot;0&quot;,&quot;credit&quot;:&quot;&quot;,&quot;camera&quot;:&quot;&quot;,&quot;caption&quot;:&quot;&quot;,&quot;created_timestamp&quot;:&quot;0&quot;,&quot;copyright&quot;:&quot;&quot;,&quot;focal_length&quot;:&quot;0&quot;,&quot;iso&quot;:&quot;0&quot;,&quot;shutter_speed&quot;:&quot;0&quot;,&quot;title&quot;:&quot;&quot;,&quot;orientation&quot;:&quot;0&quot;}\" data-image-title=\"02 super clausura1\" data-image-description=\"\" data-image-caption=\"\" data-large-file=\"https:\/\/www.hoymercedes.com.ar\/principal\/wp-content\/uploads\/2020\/04\/02-super-clausura1.jpg\" src=\"https:\/\/www.hoymercedes.com.ar\/principal\/wp-content\/uploads\/2020\/04\/02-super-clausura1.jpg\" alt=\"\" class=\"wp-image-108854\"\/><\/figure>\n\n\n\n<p>Por su parte, Javier Guevara\nqui\u00e9n tambi\u00e9n fue parte de este operativo apunt\u00f3 \u201ceste tipo de medidas no\nsolamente alcanza a los supermercados, sino que adem\u00e1s incluye a los\ndistribuidores mayoristas que son parte importante de la cadena de precios\u201d\nsubray\u00f3 Guevara.<\/p>\n\n\n\n<p>Tras las verificaciones AFIP\nprocedi\u00f3 en clausurar. Vale destacar que en el marco del coronavirus no se\ntrata de cerrar bocas de expendio de alimentos y de cercan\u00eda al vecino, sino de\nque se cumplan las normas, por eso se le dio la oportunidad de adecuarse\nr\u00e1pidamente para poder volver a abrir, respetando los valores de precios\nm\u00e1ximos en los productos de primera necesidad. <\/p>\n","protected":false},"excerpt":{"rendered":"<p>Al Administraci\u00f3n Federal de Ingresos P\u00fablicos contin\u00faa realizado operativos de control de respeto a los precios m\u00e1ximos establecidos y stock &#8230; <a title=\"Control Precios M\u00e1ximos: Clausuran supermercado por la suba de precios\" class=\"read-more\" href=\"https:\/\/www.hoymercedes.com.ar\/principal\/2020\/04\/02\/control-precios-maximos-clausuran-supermercado-por-la-suba-de-precios\/\" aria-label=\"Leer m\u00e1s sobre Control Precios M\u00e1ximos: Clausuran supermercado por la suba de precios\">Leer m\u00e1s<\/a><\/p>\n","protected":false},"author":1,"featured_media":108854,"comment_status":"closed","ping_status":"open","sticky":false,"template":"","format":"standard","meta":{"_monsterinsights_skip_tracking":false,"_monsterinsights_sitenote_active":false,"_monsterinsights_sitenote_note":"","_monsterinsights_sitenote_category":0,"jetpack_post_was_ever_published":false,"_jetpack_newsletter_access":"","_jetpack_dont_email_post_to_subs":false,"_jetpack_newsletter_tier_id":0,"_jetpack_memberships_contains_paywalled_content":false,"_jetpack_memberships_contains_paid_content":false,"footnotes":"","jetpack_publicize_message":"","jetpack_publicize_feature_enabled":true,"jetpack_social_post_already_shared":true,"jetpack_social_options":{"image_generator_settings":{"template":"highway","default_image_id":0,"font":"","enabled":false},"version":2},"_wpas_customize_per_network":false},"categories":[8],"tags":[],"class_list":["post-108852","post","type-post","status-publish","format-standard","has-post-thumbnail","hentry","category-sociedad","generate-columns","tablet-grid-50","mobile-grid-100","grid-parent","grid-50"],"jetpack_publicize_connections":[],"jetpack_featured_media_url":"https:\/\/www.hoymercedes.com.ar\/principal\/wp-content\/uploads\/2020\/04\/02-super-clausura1.jpg","wps_subtitle":"Informaci\u00f3n municipal","jetpack_sharing_enabled":true,"_links":{"self":[{"href":"https:\/\/www.hoymercedes.com.ar\/principal\/wp-json\/wp\/v2\/posts\/108852","targetHints":{"allow":["GET"]}}],"collection":[{"href":"https:\/\/www.hoymercedes.com.ar\/principal\/wp-json\/wp\/v2\/posts"}],"about":[{"href":"https:\/\/www.hoymercedes.com.ar\/principal\/wp-json\/wp\/v2\/types\/post"}],"author":[{"embeddable":true,"href":"https:\/\/www.hoymercedes.com.ar\/principal\/wp-json\/wp\/v2\/users\/1"}],"replies":[{"embeddable":true,"href":"https:\/\/www.hoymercedes.com.ar\/principal\/wp-json\/wp\/v2\/comments?post=108852"}],"version-history":[{"count":0,"href":"https:\/\/www.hoymercedes.com.ar\/principal\/wp-json\/wp\/v2\/posts\/108852\/revisions"}],"wp:featuredmedia":[{"embeddable":true,"href":"https:\/\/www.hoymercedes.com.ar\/principal\/wp-json\/wp\/v2\/media\/108854"}],"wp:attachment":[{"href":"https:\/\/www.hoymercedes.com.ar\/principal\/wp-json\/wp\/v2\/media?parent=108852"}],"wp:term":[{"taxonomy":"category","embeddable":true,"href":"https:\/\/www.hoymercedes.com.ar\/principal\/wp-json\/wp\/v2\/categories?post=108852"},{"taxonomy":"post_tag","embeddable":true,"href":"https:\/\/www.hoymercedes.com.ar\/principal\/wp-json\/wp\/v2\/tags?post=108852"}],"curies":[{"name":"wp","href":"https:\/\/api.w.org\/{rel}","templated":true}]}}